{"id":3363,"date":"2023-03-08T09:36:20","date_gmt":"2023-03-08T13:36:20","guid":{"rendered":"https:\/\/www.histoirederawdon.ca\/?p=3363"},"modified":"2024-06-14T15:06:49","modified_gmt":"2024-06-14T19:06:49","slug":"les-vacances-a-rawdon","status":"publish","type":"post","link":"https:\/\/www.histoirederawdon.ca\/en\/les-vacances-a-rawdon\/","title":{"rendered":"Les vacances \u00e0 Rawdon"},"content":{"rendered":"<div data-elementor-type=\"wp-post\" data-elementor-id=\"3363\" class=\"elementor elementor-3363\">\n\t\t\t\t\t\t<section class=\"elementor-section elementor-top-section elementor-element elementor-element-48e99f9 elementor-section-boxed elementor-section-height-default elementor-section-height-default\" data-id=\"48e99f9\" data-element_type=\"section\">\n\t\t\t\t\t\t<div class=\"elementor-container elementor-column-gap-default\">\n\t\t\t\t\t<div class=\"elementor-column elementor-col-100 elementor-top-column elementor-element elementor-element-58771d6\" data-id=\"58771d6\" data-element_type=\"column\">\n\t\t\t<div class=\"elementor-widget-wrap elementor-element-populated\">\n\t\t\t\t\t\t<div class=\"elementor-element elementor-element-3559422 elementor-widget elementor-widget-text-editor\" data-id=\"3559422\" data-element_type=\"widget\" data-widget_type=\"text-editor.default\">\n\t\t\t\t<div class=\"elementor-widget-container\">\n\t\t\t\t\t\t\t\t\t<p><span style=\"color: var( --e-global-color-text ); font-size: 14px;\">Souvenirs de vacances \u00e0 Rawdon d&rsquo;un membre de la Soci\u00e9t\u00e9 d&rsquo;histoire de Rawdon<\/span><\/p>\n<p><span style=\"font-size: 14px; color: var( --e-global-color-text );\">Dans les ann\u00e9es 70, \u00e0 chaque \u00e9t\u00e9, mes parents nous amenaient \u00e0 Rawdon pour les vacances estivales.&nbsp; Au fil des ans, un groupe de jeunes aimant le sport s&rsquo;est form\u00e9 et \u00e0 commenc\u00e9 \u00e0 explorer les environs.<\/span><\/p>\n<p><span style=\"color: var( --e-global-color-text ); font-size: 14px;\">Cette carte postale de la plage Jean Pontbriand illustre de bien beaux moments pass\u00e9 autour du Lac Pontbriand.&nbsp; Nous partions en canot de Masonville pour se rendre jusqu\u2019aux Cascades.&nbsp;<\/span><span style=\"color: var( --e-global-color-text ); font-size: 14px;\">Mes souvenirs d\u2019enfance sont aussi remplis par des souvenirs d\u2019apr\u00e8s-midi de tennis \u00e0 l\u2019entr\u00e9e de la plage&nbsp; et les nombreuses baignades et plongeons \u00e0 partir des rochers qui bordaient un canal entre le lac et la marina.&nbsp;<\/span><\/p>\n<p><\/p>\t\t\t\t\t\t\t\t<\/div>\n\t\t\t\t<\/div>\n\t\t\t\t\t<\/div>\n\t\t<\/div>\n\t\t\t\t\t<\/div>\n\t\t<\/section>\n\t\t\t\t<section class=\"elementor-section elementor-top-section elementor-element elementor-element-76e64da elementor-section-boxed elementor-section-height-default elementor-section-height-default\" data-id=\"76e64da\" data-element_type=\"section\">\n\t\t\t\t\t\t<div class=\"elementor-container elementor-column-gap-default\">\n\t\t\t\t\t<div class=\"elementor-column elementor-col-100 elementor-top-column elementor-element elementor-element-af1a029\" data-id=\"af1a029\" data-element_type=\"column\">\n\t\t\t<div class=\"elementor-widget-wrap elementor-element-populated\">\n\t\t\t\t\t\t<div class=\"elementor-element elementor-element-b577711 elementor-widget elementor-widget-text-editor\" data-id=\"b577711\" data-element_type=\"widget\" data-widget_type=\"text-editor.default\">\n\t\t\t\t<div class=\"elementor-widget-container\">\n\t\t\t\t\t\t\t\t\t<p>Plage du Domaine Jean Pontbriand<\/p>\t\t\t\t\t\t\t\t<\/div>\n\t\t\t\t<\/div>\n\t\t\t\t<div class=\"elementor-element elementor-element-ba8a0e6 elementor-widget elementor-widget-image\" data-id=\"ba8a0e6\" data-element_type=\"widget\" data-widget_type=\"image.default\">\n\t\t\t\t<div class=\"elementor-widget-container\">\n\t\t\t\t\t\t\t\t\t\t\t\t<figure class=\"wp-caption\">\n\t\t\t\t\t\t\t\t\t\t<img fetchpriority=\"high\" decoding=\"async\" width=\"1024\" height=\"654\" src=\"https:\/\/www.histoirederawdon.ca\/wp-content\/uploads\/2023\/03\/Plage-chez-Jean-pontbriand-1024x654.jpg\" class=\"attachment-large size-large wp-image-3438\" alt=\"\" srcset=\"https:\/\/www.histoirederawdon.ca\/wp-content\/uploads\/2023\/03\/Plage-chez-Jean-pontbriand-1024x654.jpg 1024w, https:\/\/www.histoirederawdon.ca\/wp-content\/uploads\/2023\/03\/Plage-chez-Jean-pontbriand-300x192.jpg 300w, https:\/\/www.histoirederawdon.ca\/wp-content\/uploads\/2023\/03\/Plage-chez-Jean-pontbriand-768x490.jpg 768w, https:\/\/www.histoirederawdon.ca\/wp-content\/uploads\/2023\/03\/Plage-chez-Jean-pontbriand-18x12.jpg 18w, https:\/\/www.histoirederawdon.ca\/wp-content\/uploads\/2023\/03\/Plage-chez-Jean-pontbriand.jpg 1090w\" sizes=\"(max-width: 1024px) 100vw, 1024px\" \/>\t\t\t\t\t\t\t\t\t\t\t<figcaption class=\"widget-image-caption wp-caption-text\">Rochers dans la Baie de l'aurore, Lac Pontbriand<\/figcaption>\n\t\t\t\t\t\t\t\t\t\t<\/figure>\n\t\t\t\t\t\t\t\t\t<\/div>\n\t\t\t\t<\/div>\n\t\t\t\t\t<\/div>\n\t\t<\/div>\n\t\t\t\t\t<\/div>\n\t\t<\/section>\n\t\t\t\t<section class=\"elementor-section elementor-top-section elementor-element elementor-element-cb42fe0 elementor-section-boxed elementor-section-height-default elementor-section-height-default\" data-id=\"cb42fe0\" data-element_type=\"section\">\n\t\t\t\t\t\t<div class=\"elementor-container elementor-column-gap-default\">\n\t\t\t\t\t<div class=\"elementor-column elementor-col-100 elementor-top-column elementor-element elementor-element-4e01d99\" data-id=\"4e01d99\" data-element_type=\"column\">\n\t\t\t<div class=\"elementor-widget-wrap\">\n\t\t\t\t\t\t\t<\/div>\n\t\t<\/div>\n\t\t\t\t\t<\/div>\n\t\t<\/section>\n\t\t\t\t<section class=\"elementor-section elementor-top-section elementor-element elementor-element-6a85598 elementor-section-boxed elementor-section-height-default elementor-section-height-default\" data-id=\"6a85598\" data-element_type=\"section\">\n\t\t\t\t\t\t<div class=\"elementor-container elementor-column-gap-default\">\n\t\t\t\t\t<div class=\"elementor-column elementor-col-100 elementor-top-column elementor-element elementor-element-143855f\" data-id=\"143855f\" data-element_type=\"column\">\n\t\t\t<div class=\"elementor-widget-wrap elementor-element-populated\">\n\t\t\t\t\t\t<div class=\"elementor-element elementor-element-fd11ac9 elementor-widget elementor-widget-image\" data-id=\"fd11ac9\" data-element_type=\"widget\" data-widget_type=\"image.default\">\n\t\t\t\t<div class=\"elementor-widget-container\">\n\t\t\t\t\t\t\t\t\t\t\t\t<figure class=\"wp-caption\">\n\t\t\t\t\t\t\t\t\t\t\t<a href=\"https:\/\/www.histoirederawdon.ca\/wp-content\/uploads\/2023\/08\/Lac-Pontbriand-baie-cote-est-1948-scaled.jpg\">\n\t\t\t\t\t\t\t<img decoding=\"async\" width=\"1024\" height=\"676\" src=\"https:\/\/www.histoirederawdon.ca\/wp-content\/uploads\/2023\/08\/Lac-Pontbriand-baie-cote-est-1948-1024x676.jpg\" class=\"attachment-large size-large wp-image-4745\" alt=\"Lac Pontbriand 1948\" srcset=\"https:\/\/www.histoirederawdon.ca\/wp-content\/uploads\/2023\/08\/Lac-Pontbriand-baie-cote-est-1948-1024x676.jpg 1024w, https:\/\/www.histoirederawdon.ca\/wp-content\/uploads\/2023\/08\/Lac-Pontbriand-baie-cote-est-1948-300x198.jpg 300w, https:\/\/www.histoirederawdon.ca\/wp-content\/uploads\/2023\/08\/Lac-Pontbriand-baie-cote-est-1948-768x507.jpg 768w, https:\/\/www.histoirederawdon.ca\/wp-content\/uploads\/2023\/08\/Lac-Pontbriand-baie-cote-est-1948-1536x1014.jpg 1536w, https:\/\/www.histoirederawdon.ca\/wp-content\/uploads\/2023\/08\/Lac-Pontbriand-baie-cote-est-1948-2048x1352.jpg 2048w, https:\/\/www.histoirederawdon.ca\/wp-content\/uploads\/2023\/08\/Lac-Pontbriand-baie-cote-est-1948-18x12.jpg 18w\" sizes=\"(max-width: 1024px) 100vw, 1024px\" \/>\t\t\t\t\t\t\t\t<\/a>\n\t\t\t\t\t\t\t\t\t\t\t<figcaption class=\"widget-image-caption wp-caption-text\">Lac Pontbriand, Rawdon, Qc<\/figcaption>\n\t\t\t\t\t\t\t\t\t\t<\/figure>\n\t\t\t\t\t\t\t\t\t<\/div>\n\t\t\t\t<\/div>\n\t\t\t\t\t<\/div>\n\t\t<\/div>\n\t\t\t\t\t<\/div>\n\t\t<\/section>\n\t\t\t\t<\/div>","protected":false},"excerpt":{"rendered":"<p>Souvenirs de vacances \u00e0 Rawdon d&rsquo;un membre de la Soci\u00e9t\u00e9 d&rsquo;histoire de Rawdon Dans les ann\u00e9es 70, \u00e0 chaque \u00e9t\u00e9, mes parents nous amenaient \u00e0 Rawdon pour les vacances estivales.&nbsp; Au fil des ans, un groupe de jeunes aimant le sport s&rsquo;est form\u00e9 et \u00e0 commenc\u00e9 \u00e0 explorer les environs. Cette carte postale de la [&hellip;]<\/p>","protected":false},"author":2,"featured_media":0,"comment_status":"open","ping_status":"open","sticky":false,"template":"","format":"standard","meta":{"ocean_post_layout":"","ocean_both_sidebars_style":"","ocean_both_sidebars_content_width":0,"ocean_both_sidebars_sidebars_width":0,"ocean_sidebar":"","ocean_second_sidebar":"","ocean_disable_margins":"enable","ocean_add_body_class":"","ocean_shortcode_before_top_bar":"","ocean_shortcode_after_top_bar":"","ocean_shortcode_before_header":"","ocean_shortcode_after_header":"","ocean_has_shortcode":"","ocean_shortcode_after_title":"","ocean_shortcode_before_footer_widgets":"","ocean_shortcode_after_footer_widgets":"","ocean_shortcode_before_footer_bottom":"","ocean_shortcode_after_footer_bottom":"","ocean_display_top_bar":"default","ocean_display_header":"default","ocean_header_style":"","ocean_center_header_left_menu":"","ocean_custom_header_template":"","ocean_custom_logo":0,"ocean_custom_retina_logo":0,"ocean_custom_logo_max_width":0,"ocean_custom_logo_tablet_max_width":0,"ocean_custom_logo_mobile_max_width":0,"ocean_custom_logo_max_height":0,"ocean_custom_logo_tablet_max_height":0,"ocean_custom_logo_mobile_max_height":0,"ocean_header_custom_menu":"","ocean_menu_typo_font_family":"","ocean_menu_typo_font_subset":"","ocean_menu_typo_font_size":0,"ocean_menu_typo_font_size_tablet":0,"ocean_menu_typo_font_size_mobile":0,"ocean_menu_typo_font_size_unit":"px","ocean_menu_typo_font_weight":"","ocean_menu_typo_font_weight_tablet":"","ocean_menu_typo_font_weight_mobile":"","ocean_menu_typo_transform":"","ocean_menu_typo_transform_tablet":"","ocean_menu_typo_transform_mobile":"","ocean_menu_typo_line_height":0,"ocean_menu_typo_line_height_tablet":0,"ocean_menu_typo_line_height_mobile":0,"ocean_menu_typo_line_height_unit":"","ocean_menu_typo_spacing":0,"ocean_menu_typo_spacing_tablet":0,"ocean_menu_typo_spacing_mobile":0,"ocean_menu_typo_spacing_unit":"","ocean_menu_link_color":"","ocean_menu_link_color_hover":"","ocean_menu_link_color_active":"","ocean_menu_link_background":"","ocean_menu_link_hover_background":"","ocean_menu_link_active_background":"","ocean_menu_social_links_bg":"","ocean_menu_social_hover_links_bg":"","ocean_menu_social_links_color":"","ocean_menu_social_hover_links_color":"","ocean_disable_title":"default","ocean_disable_heading":"default","ocean_post_title":"","ocean_post_subheading":"","ocean_post_title_style":"","ocean_post_title_background_color":"","ocean_post_title_background":0,"ocean_post_title_bg_image_position":"","ocean_post_title_bg_image_attachment":"","ocean_post_title_bg_image_repeat":"","ocean_post_title_bg_image_size":"","ocean_post_title_height":0,"ocean_post_title_bg_overlay":0.5,"ocean_post_title_bg_overlay_color":"","ocean_disable_breadcrumbs":"default","ocean_breadcrumbs_color":"","ocean_breadcrumbs_separator_color":"","ocean_breadcrumbs_links_color":"","ocean_breadcrumbs_links_hover_color":"","ocean_display_footer_widgets":"default","ocean_display_footer_bottom":"default","ocean_custom_footer_template":"","_jetpack_memberships_contains_paid_content":false,"ocean_post_oembed":"","ocean_post_self_hosted_media":"","ocean_post_video_embed":"","ocean_link_format":"","ocean_link_format_target":"self","ocean_quote_format":"","ocean_quote_format_link":"post","ocean_gallery_link_images":"off","ocean_gallery_id":[],"footnotes":""},"categories":[27],"tags":[],"class_list":["post-3363","post","type-post","status-publish","format-standard","hentry","category-chronique","entry"],"yoast_head":"<!-- This site is optimized with the Yoast SEO plugin v26.3 - https:\/\/yoast.com\/wordpress\/plugins\/seo\/ -->\n<title>Les vacances \u00e0 Rawdon - Histoire de Rawdon<\/title>\n<meta name=\"robots\" content=\"index, follow, max-snippet:-1, max-image-preview:large, max-video-preview:-1\" \/>\n<link rel=\"canonical\" href=\"https:\/\/www.histoirederawdon.ca\/en\/les-vacances-a-rawdon\/\" \/>\n<meta property=\"og:locale\" content=\"en_US\" \/>\n<meta property=\"og:type\" content=\"article\" \/>\n<meta property=\"og:title\" content=\"Les vacances \u00e0 Rawdon - Histoire de Rawdon\" \/>\n<meta property=\"og:description\" content=\"Souvenirs de vacances \u00e0 Rawdon d&rsquo;un membre de la Soci\u00e9t\u00e9 d&rsquo;histoire de Rawdon Dans les ann\u00e9es 70, \u00e0 chaque \u00e9t\u00e9, mes parents nous amenaient \u00e0 Rawdon pour les vacances estivales.&nbsp; Au fil des ans, un groupe de jeunes aimant le sport s&rsquo;est form\u00e9 et \u00e0 commenc\u00e9 \u00e0 explorer les environs. Cette carte postale de la [&hellip;]\" \/>\n<meta property=\"og:url\" content=\"https:\/\/www.histoirederawdon.ca\/en\/les-vacances-a-rawdon\/\" \/>\n<meta property=\"og:site_name\" content=\"Histoire de Rawdon\" \/>\n<meta property=\"article:published_time\" content=\"2023-03-08T13:36:20+00:00\" \/>\n<meta property=\"article:modified_time\" content=\"2024-06-14T19:06:49+00:00\" \/>\n<meta property=\"og:image\" content=\"https:\/\/www.histoirederawdon.ca\/wp-content\/uploads\/2023\/03\/Plage-chez-Jean-pontbriand-1024x654.jpg\" \/>\n<meta name=\"author\" content=\"France\" \/>\n<meta name=\"twitter:card\" content=\"summary_large_image\" \/>\n<meta name=\"twitter:label1\" content=\"Written by\" \/>\n\t<meta name=\"twitter:data1\" content=\"France\" \/>\n\t<meta name=\"twitter:label2\" content=\"Est. reading time\" \/>\n\t<meta name=\"twitter:data2\" content=\"2 minutes\" \/>\n<script type=\"application\/ld+json\" class=\"yoast-schema-graph\">{\"@context\":\"https:\/\/schema.org\",\"@graph\":[{\"@type\":\"Article\",\"@id\":\"https:\/\/www.histoirederawdon.ca\/les-vacances-a-rawdon\/#article\",\"isPartOf\":{\"@id\":\"https:\/\/www.histoirederawdon.ca\/les-vacances-a-rawdon\/\"},\"author\":{\"name\":\"France\",\"@id\":\"https:\/\/www.histoirederawdon.ca\/#\/schema\/person\/12282ff450eae820e4f7bc73553d7e86\"},\"headline\":\"Les vacances \u00e0 Rawdon\",\"datePublished\":\"2023-03-08T13:36:20+00:00\",\"dateModified\":\"2024-06-14T19:06:49+00:00\",\"mainEntityOfPage\":{\"@id\":\"https:\/\/www.histoirederawdon.ca\/les-vacances-a-rawdon\/\"},\"wordCount\":141,\"commentCount\":0,\"publisher\":{\"@id\":\"https:\/\/www.histoirederawdon.ca\/#organization\"},\"image\":{\"@id\":\"https:\/\/www.histoirederawdon.ca\/les-vacances-a-rawdon\/#primaryimage\"},\"thumbnailUrl\":\"https:\/\/www.histoirederawdon.ca\/wp-content\/uploads\/2023\/03\/Plage-chez-Jean-pontbriand-1024x654.jpg\",\"articleSection\":[\"Chroniques\"],\"inLanguage\":\"en-CA\",\"potentialAction\":[{\"@type\":\"CommentAction\",\"name\":\"Comment\",\"target\":[\"https:\/\/www.histoirederawdon.ca\/les-vacances-a-rawdon\/#respond\"]}]},{\"@type\":\"WebPage\",\"@id\":\"https:\/\/www.histoirederawdon.ca\/les-vacances-a-rawdon\/\",\"url\":\"https:\/\/www.histoirederawdon.ca\/les-vacances-a-rawdon\/\",\"name\":\"Les vacances \u00e0 Rawdon - Histoire de Rawdon\",\"isPartOf\":{\"@id\":\"https:\/\/www.histoirederawdon.ca\/#website\"},\"primaryImageOfPage\":{\"@id\":\"https:\/\/www.histoirederawdon.ca\/les-vacances-a-rawdon\/#primaryimage\"},\"image\":{\"@id\":\"https:\/\/www.histoirederawdon.ca\/les-vacances-a-rawdon\/#primaryimage\"},\"thumbnailUrl\":\"https:\/\/www.histoirederawdon.ca\/wp-content\/uploads\/2023\/03\/Plage-chez-Jean-pontbriand-1024x654.jpg\",\"datePublished\":\"2023-03-08T13:36:20+00:00\",\"dateModified\":\"2024-06-14T19:06:49+00:00\",\"breadcrumb\":{\"@id\":\"https:\/\/www.histoirederawdon.ca\/les-vacances-a-rawdon\/#breadcrumb\"},\"inLanguage\":\"en-CA\",\"potentialAction\":[{\"@type\":\"ReadAction\",\"target\":[\"https:\/\/www.histoirederawdon.ca\/les-vacances-a-rawdon\/\"]}]},{\"@type\":\"ImageObject\",\"inLanguage\":\"en-CA\",\"@id\":\"https:\/\/www.histoirederawdon.ca\/les-vacances-a-rawdon\/#primaryimage\",\"url\":\"https:\/\/www.histoirederawdon.ca\/wp-content\/uploads\/2023\/03\/Plage-chez-Jean-pontbriand-1024x654.jpg\",\"contentUrl\":\"https:\/\/www.histoirederawdon.ca\/wp-content\/uploads\/2023\/03\/Plage-chez-Jean-pontbriand-1024x654.jpg\"},{\"@type\":\"BreadcrumbList\",\"@id\":\"https:\/\/www.histoirederawdon.ca\/les-vacances-a-rawdon\/#breadcrumb\",\"itemListElement\":[{\"@type\":\"ListItem\",\"position\":1,\"name\":\"Accueil\",\"item\":\"https:\/\/www.histoirederawdon.ca\/\"},{\"@type\":\"ListItem\",\"position\":2,\"name\":\"Les vacances \u00e0 Rawdon\"}]},{\"@type\":\"WebSite\",\"@id\":\"https:\/\/www.histoirederawdon.ca\/#website\",\"url\":\"https:\/\/www.histoirederawdon.ca\/\",\"name\":\"Histoire de Rawdon\",\"description\":\"Patrimoine et communaut\u00e9s\",\"publisher\":{\"@id\":\"https:\/\/www.histoirederawdon.ca\/#organization\"},\"potentialAction\":[{\"@type\":\"SearchAction\",\"target\":{\"@type\":\"EntryPoint\",\"urlTemplate\":\"https:\/\/www.histoirederawdon.ca\/?s={search_term_string}\"},\"query-input\":{\"@type\":\"PropertyValueSpecification\",\"valueRequired\":true,\"valueName\":\"search_term_string\"}}],\"inLanguage\":\"en-CA\"},{\"@type\":\"Organization\",\"@id\":\"https:\/\/www.histoirederawdon.ca\/#organization\",\"name\":\"Soci\u00e9t\u00e9 d'histoire de Rawdon\",\"url\":\"https:\/\/www.histoirederawdon.ca\/\",\"logo\":{\"@type\":\"ImageObject\",\"inLanguage\":\"en-CA\",\"@id\":\"https:\/\/www.histoirederawdon.ca\/#\/schema\/logo\/image\/\",\"url\":\"https:\/\/www.histoirederawdon.ca\/wp-content\/uploads\/2022\/12\/SHR-LOGO-1.png\",\"contentUrl\":\"https:\/\/www.histoirederawdon.ca\/wp-content\/uploads\/2022\/12\/SHR-LOGO-1.png\",\"width\":744,\"height\":452,\"caption\":\"Soci\u00e9t\u00e9 d'histoire de Rawdon\"},\"image\":{\"@id\":\"https:\/\/www.histoirederawdon.ca\/#\/schema\/logo\/image\/\"}},{\"@type\":\"Person\",\"@id\":\"https:\/\/www.histoirederawdon.ca\/#\/schema\/person\/12282ff450eae820e4f7bc73553d7e86\",\"name\":\"France\",\"image\":{\"@type\":\"ImageObject\",\"inLanguage\":\"en-CA\",\"@id\":\"https:\/\/www.histoirederawdon.ca\/#\/schema\/person\/image\/\",\"url\":\"https:\/\/secure.gravatar.com\/avatar\/8cec1edcc172c149f0b20cc9f63c45af5b45ce9e54f46da7d1143533fb2e5e10?s=96&d=mm&r=g\",\"contentUrl\":\"https:\/\/secure.gravatar.com\/avatar\/8cec1edcc172c149f0b20cc9f63c45af5b45ce9e54f46da7d1143533fb2e5e10?s=96&d=mm&r=g\",\"caption\":\"France\"},\"url\":\"https:\/\/www.histoirederawdon.ca\/en\/author\/fpontbriand\/\"}]}<\/script>\n<!-- \/ Yoast SEO plugin. -->","yoast_head_json":{"title":"Les vacances \u00e0 Rawdon - Histoire de Rawdon","robots":{"index":"index","follow":"follow","max-snippet":"max-snippet:-1","max-image-preview":"max-image-preview:large","max-video-preview":"max-video-preview:-1"},"canonical":"https:\/\/www.histoirederawdon.ca\/en\/les-vacances-a-rawdon\/","og_locale":"en_US","og_type":"article","og_title":"Les vacances \u00e0 Rawdon - Histoire de Rawdon","og_description":"Souvenirs de vacances \u00e0 Rawdon d&rsquo;un membre de la Soci\u00e9t\u00e9 d&rsquo;histoire de Rawdon Dans les ann\u00e9es 70, \u00e0 chaque \u00e9t\u00e9, mes parents nous amenaient \u00e0 Rawdon pour les vacances estivales.&nbsp; Au fil des ans, un groupe de jeunes aimant le sport s&rsquo;est form\u00e9 et \u00e0 commenc\u00e9 \u00e0 explorer les environs. Cette carte postale de la [&hellip;]","og_url":"https:\/\/www.histoirederawdon.ca\/en\/les-vacances-a-rawdon\/","og_site_name":"Histoire de Rawdon","article_published_time":"2023-03-08T13:36:20+00:00","article_modified_time":"2024-06-14T19:06:49+00:00","og_image":[{"url":"https:\/\/www.histoirederawdon.ca\/wp-content\/uploads\/2023\/03\/Plage-chez-Jean-pontbriand-1024x654.jpg","type":"","width":"","height":""}],"author":"France","twitter_card":"summary_large_image","twitter_misc":{"Written by":"France","Est. reading time":"2 minutes"},"schema":{"@context":"https:\/\/schema.org","@graph":[{"@type":"Article","@id":"https:\/\/www.histoirederawdon.ca\/les-vacances-a-rawdon\/#article","isPartOf":{"@id":"https:\/\/www.histoirederawdon.ca\/les-vacances-a-rawdon\/"},"author":{"name":"France","@id":"https:\/\/www.histoirederawdon.ca\/#\/schema\/person\/12282ff450eae820e4f7bc73553d7e86"},"headline":"Les vacances \u00e0 Rawdon","datePublished":"2023-03-08T13:36:20+00:00","dateModified":"2024-06-14T19:06:49+00:00","mainEntityOfPage":{"@id":"https:\/\/www.histoirederawdon.ca\/les-vacances-a-rawdon\/"},"wordCount":141,"commentCount":0,"publisher":{"@id":"https:\/\/www.histoirederawdon.ca\/#organization"},"image":{"@id":"https:\/\/www.histoirederawdon.ca\/les-vacances-a-rawdon\/#primaryimage"},"thumbnailUrl":"https:\/\/www.histoirederawdon.ca\/wp-content\/uploads\/2023\/03\/Plage-chez-Jean-pontbriand-1024x654.jpg","articleSection":["Chroniques"],"inLanguage":"en-CA","potentialAction":[{"@type":"CommentAction","name":"Comment","target":["https:\/\/www.histoirederawdon.ca\/les-vacances-a-rawdon\/#respond"]}]},{"@type":"WebPage","@id":"https:\/\/www.histoirederawdon.ca\/les-vacances-a-rawdon\/","url":"https:\/\/www.histoirederawdon.ca\/les-vacances-a-rawdon\/","name":"Les vacances \u00e0 Rawdon - Histoire de Rawdon","isPartOf":{"@id":"https:\/\/www.histoirederawdon.ca\/#website"},"primaryImageOfPage":{"@id":"https:\/\/www.histoirederawdon.ca\/les-vacances-a-rawdon\/#primaryimage"},"image":{"@id":"https:\/\/www.histoirederawdon.ca\/les-vacances-a-rawdon\/#primaryimage"},"thumbnailUrl":"https:\/\/www.histoirederawdon.ca\/wp-content\/uploads\/2023\/03\/Plage-chez-Jean-pontbriand-1024x654.jpg","datePublished":"2023-03-08T13:36:20+00:00","dateModified":"2024-06-14T19:06:49+00:00","breadcrumb":{"@id":"https:\/\/www.histoirederawdon.ca\/les-vacances-a-rawdon\/#breadcrumb"},"inLanguage":"en-CA","potentialAction":[{"@type":"ReadAction","target":["https:\/\/www.histoirederawdon.ca\/les-vacances-a-rawdon\/"]}]},{"@type":"ImageObject","inLanguage":"en-CA","@id":"https:\/\/www.histoirederawdon.ca\/les-vacances-a-rawdon\/#primaryimage","url":"https:\/\/www.histoirederawdon.ca\/wp-content\/uploads\/2023\/03\/Plage-chez-Jean-pontbriand-1024x654.jpg","contentUrl":"https:\/\/www.histoirederawdon.ca\/wp-content\/uploads\/2023\/03\/Plage-chez-Jean-pontbriand-1024x654.jpg"},{"@type":"BreadcrumbList","@id":"https:\/\/www.histoirederawdon.ca\/les-vacances-a-rawdon\/#breadcrumb","itemListElement":[{"@type":"ListItem","position":1,"name":"Accueil","item":"https:\/\/www.histoirederawdon.ca\/"},{"@type":"ListItem","position":2,"name":"Les vacances \u00e0 Rawdon"}]},{"@type":"WebSite","@id":"https:\/\/www.histoirederawdon.ca\/#website","url":"https:\/\/www.histoirederawdon.ca\/","name":"Histoire de Rawdon","description":"Patrimoine et communaut\u00e9s","publisher":{"@id":"https:\/\/www.histoirederawdon.ca\/#organization"},"potentialAction":[{"@type":"SearchAction","target":{"@type":"EntryPoint","urlTemplate":"https:\/\/www.histoirederawdon.ca\/?s={search_term_string}"},"query-input":{"@type":"PropertyValueSpecification","valueRequired":true,"valueName":"search_term_string"}}],"inLanguage":"en-CA"},{"@type":"Organization","@id":"https:\/\/www.histoirederawdon.ca\/#organization","name":"Soci\u00e9t\u00e9 d'histoire de Rawdon","url":"https:\/\/www.histoirederawdon.ca\/","logo":{"@type":"ImageObject","inLanguage":"en-CA","@id":"https:\/\/www.histoirederawdon.ca\/#\/schema\/logo\/image\/","url":"https:\/\/www.histoirederawdon.ca\/wp-content\/uploads\/2022\/12\/SHR-LOGO-1.png","contentUrl":"https:\/\/www.histoirederawdon.ca\/wp-content\/uploads\/2022\/12\/SHR-LOGO-1.png","width":744,"height":452,"caption":"Soci\u00e9t\u00e9 d'histoire de Rawdon"},"image":{"@id":"https:\/\/www.histoirederawdon.ca\/#\/schema\/logo\/image\/"}},{"@type":"Person","@id":"https:\/\/www.histoirederawdon.ca\/#\/schema\/person\/12282ff450eae820e4f7bc73553d7e86","name":"France","image":{"@type":"ImageObject","inLanguage":"en-CA","@id":"https:\/\/www.histoirederawdon.ca\/#\/schema\/person\/image\/","url":"https:\/\/secure.gravatar.com\/avatar\/8cec1edcc172c149f0b20cc9f63c45af5b45ce9e54f46da7d1143533fb2e5e10?s=96&d=mm&r=g","contentUrl":"https:\/\/secure.gravatar.com\/avatar\/8cec1edcc172c149f0b20cc9f63c45af5b45ce9e54f46da7d1143533fb2e5e10?s=96&d=mm&r=g","caption":"France"},"url":"https:\/\/www.histoirederawdon.ca\/en\/author\/fpontbriand\/"}]}},"jetpack_featured_media_url":"","jetpack_sharing_enabled":true,"_links":{"self":[{"href":"https:\/\/www.histoirederawdon.ca\/en\/wp-json\/wp\/v2\/posts\/3363","targetHints":{"allow":["GET"]}}],"collection":[{"href":"https:\/\/www.histoirederawdon.ca\/en\/wp-json\/wp\/v2\/posts"}],"about":[{"href":"https:\/\/www.histoirederawdon.ca\/en\/wp-json\/wp\/v2\/types\/post"}],"author":[{"embeddable":true,"href":"https:\/\/www.histoirederawdon.ca\/en\/wp-json\/wp\/v2\/users\/2"}],"replies":[{"embeddable":true,"href":"https:\/\/www.histoirederawdon.ca\/en\/wp-json\/wp\/v2\/comments?post=3363"}],"version-history":[{"count":32,"href":"https:\/\/www.histoirederawdon.ca\/en\/wp-json\/wp\/v2\/posts\/3363\/revisions"}],"predecessor-version":[{"id":4838,"href":"https:\/\/www.histoirederawdon.ca\/en\/wp-json\/wp\/v2\/posts\/3363\/revisions\/4838"}],"wp:attachment":[{"href":"https:\/\/www.histoirederawdon.ca\/en\/wp-json\/wp\/v2\/media?parent=3363"}],"wp:term":[{"taxonomy":"category","embeddable":true,"href":"https:\/\/www.histoirederawdon.ca\/en\/wp-json\/wp\/v2\/categories?post=3363"},{"taxonomy":"post_tag","embeddable":true,"href":"https:\/\/www.histoirederawdon.ca\/en\/wp-json\/wp\/v2\/tags?post=3363"}],"curies":[{"name":"wp","href":"https:\/\/api.w.org\/{rel}","templated":true}]}}