{"id":9867,"date":"2025-02-24T15:59:24","date_gmt":"2025-02-24T19:59:24","guid":{"rendered":"https:\/\/www.histoirederawdon.ca\/?p=9867"},"modified":"2025-02-28T11:02:23","modified_gmt":"2025-02-28T15:02:23","slug":"les-ecoles-de-rawdon","status":"publish","type":"post","link":"https:\/\/www.histoirederawdon.ca\/en\/les-ecoles-de-rawdon\/","title":{"rendered":"Schools in Rawdon"},"content":{"rendered":"<div data-elementor-type=\"wp-post\" data-elementor-id=\"9867\" class=\"elementor elementor-9867\">\n\t\t\t\t\t\t<section class=\"elementor-section elementor-top-section elementor-element elementor-element-d46cafe elementor-section-boxed elementor-section-height-default elementor-section-height-default\" data-id=\"d46cafe\" data-element_type=\"section\">\n\t\t\t\t\t\t<div class=\"elementor-container elementor-column-gap-default\">\n\t\t\t\t\t<div class=\"elementor-column elementor-col-100 elementor-top-column elementor-element elementor-element-9cd1562\" data-id=\"9cd1562\" data-element_type=\"column\">\n\t\t\t<div class=\"elementor-widget-wrap elementor-element-populated\">\n\t\t\t\t\t\t<div class=\"elementor-element elementor-element-fabe45d elementor-widget elementor-widget-text-editor\" data-id=\"fabe45d\" data-element_type=\"widget\" data-widget_type=\"text-editor.default\">\n\t\t\t\t<div class=\"elementor-widget-container\">\n\t\t\t\t\t\t\t\t\t<p><strong>Theme no. 7 <\/strong>of the exhibit \u201cThe Irish Presence in Rawdon, Yesterday and Today,\u201d held at the Centre d\u2019interpr\u00e9tation multiethnique de Rawdon, Saturdays and Sundays, between 2 p.m. and 4 p.m., from March 2 to 30, 2025 (except March 22).<\/p>\t\t\t\t\t\t\t\t<\/div>\n\t\t\t\t<\/div>\n\t\t\t\t\t<\/div>\n\t\t<\/div>\n\t\t\t\t\t<\/div>\n\t\t<\/section>\n\t\t\t\t<section class=\"elementor-section elementor-top-section elementor-element elementor-element-ba325b0 elementor-section-boxed elementor-section-height-default elementor-section-height-default\" data-id=\"ba325b0\" data-element_type=\"section\">\n\t\t\t\t\t\t<div class=\"elementor-container elementor-column-gap-default\">\n\t\t\t\t\t<div class=\"elementor-column elementor-col-100 elementor-top-column elementor-element elementor-element-93693cc\" data-id=\"93693cc\" data-element_type=\"column\">\n\t\t\t<div class=\"elementor-widget-wrap elementor-element-populated\">\n\t\t\t\t\t\t<div class=\"elementor-element elementor-element-79610b0 elementor-widget elementor-widget-image\" data-id=\"79610b0\" data-element_type=\"widget\" data-widget_type=\"image.default\">\n\t\t\t\t<div class=\"elementor-widget-container\">\n\t\t\t\t\t\t\t\t\t\t\t\t<figure class=\"wp-caption\">\n\t\t\t\t\t\t\t\t\t\t\t<a href=\"https:\/\/www.histoirederawdon.ca\/wp-content\/uploads\/2025\/02\/Ecole-de-rang-dans-Kildare.jpg\">\n\t\t\t\t\t\t\t<img fetchpriority=\"high\" decoding=\"async\" width=\"300\" height=\"206\" src=\"https:\/\/www.histoirederawdon.ca\/wp-content\/uploads\/2025\/02\/Ecole-de-rang-dans-Kildare-300x206.jpg\" class=\"attachment-medium size-medium wp-image-9640\" alt=\"\" srcset=\"https:\/\/www.histoirederawdon.ca\/wp-content\/uploads\/2025\/02\/Ecole-de-rang-dans-Kildare-300x206.jpg 300w, https:\/\/www.histoirederawdon.ca\/wp-content\/uploads\/2025\/02\/Ecole-de-rang-dans-Kildare-1024x704.jpg 1024w, https:\/\/www.histoirederawdon.ca\/wp-content\/uploads\/2025\/02\/Ecole-de-rang-dans-Kildare-768x528.jpg 768w, https:\/\/www.histoirederawdon.ca\/wp-content\/uploads\/2025\/02\/Ecole-de-rang-dans-Kildare-18x12.jpg 18w, https:\/\/www.histoirederawdon.ca\/wp-content\/uploads\/2025\/02\/Ecole-de-rang-dans-Kildare.jpg 1391w\" sizes=\"(max-width: 300px) 100vw, 300px\" \/>\t\t\t\t\t\t\t\t<\/a>\n\t\t\t\t\t\t\t\t\t\t\t<figcaption class=\"widget-image-caption wp-caption-text\">Range school, 3741, chemin de Kildare<\/figcaption>\n\t\t\t\t\t\t\t\t\t\t<\/figure>\n\t\t\t\t\t\t\t\t\t<\/div>\n\t\t\t\t<\/div>\n\t\t\t\t\t<\/div>\n\t\t<\/div>\n\t\t\t\t\t<\/div>\n\t\t<\/section>\n\t\t\t\t<section class=\"elementor-section elementor-top-section elementor-element elementor-element-5781919 elementor-section-boxed elementor-section-height-default elementor-section-height-default\" data-id=\"5781919\" data-element_type=\"section\">\n\t\t\t\t\t\t<div class=\"elementor-container elementor-column-gap-default\">\n\t\t\t\t\t<div class=\"elementor-column elementor-col-100 elementor-top-column elementor-element elementor-element-227687a\" data-id=\"227687a\" data-element_type=\"column\">\n\t\t\t<div class=\"elementor-widget-wrap elementor-element-populated\">\n\t\t\t\t\t\t<div class=\"elementor-element elementor-element-41a9404 elementor-widget elementor-widget-heading\" data-id=\"41a9404\" data-element_type=\"widget\" data-widget_type=\"heading.default\">\n\t\t\t\t<div class=\"elementor-widget-container\">\n\t\t\t\t\t<h2 class=\"elementor-heading-title elementor-size-default\">First schools in Rawdon<\/h2>\t\t\t\t<\/div>\n\t\t\t\t<\/div>\n\t\t\t\t\t<\/div>\n\t\t<\/div>\n\t\t\t\t\t<\/div>\n\t\t<\/section>\n\t\t\t\t<section class=\"elementor-section elementor-top-section elementor-element elementor-element-0a4a6d3 elementor-section-boxed elementor-section-height-default elementor-section-height-default\" data-id=\"0a4a6d3\" data-element_type=\"section\">\n\t\t\t\t\t\t<div class=\"elementor-container elementor-column-gap-default\">\n\t\t\t\t\t<div class=\"elementor-column elementor-col-100 elementor-top-column elementor-element elementor-element-09061a8\" data-id=\"09061a8\" data-element_type=\"column\">\n\t\t\t<div class=\"elementor-widget-wrap elementor-element-populated\">\n\t\t\t\t\t\t<div class=\"elementor-element elementor-element-1f3e2cb elementor-widget elementor-widget-text-editor\" data-id=\"1f3e2cb\" data-element_type=\"widget\" data-widget_type=\"text-editor.default\">\n\t\t\t\t<div class=\"elementor-widget-container\">\n\t\t\t\t\t\t\t\t\t<p>Rawdon\u2019s first schools were established by the Protestant and Catholic Irish immigrants. The first school was opened in 1826, at the Forks, with the support of the Royal Institution for the Advancement of Learning.<\/p>\t\t\t\t\t\t\t\t<\/div>\n\t\t\t\t<\/div>\n\t\t\t\t\t<\/div>\n\t\t<\/div>\n\t\t\t\t\t<\/div>\n\t\t<\/section>\n\t\t\t\t<section class=\"elementor-section elementor-top-section elementor-element elementor-element-d2fdf13 elementor-section-boxed elementor-section-height-default elementor-section-height-default\" data-id=\"d2fdf13\" data-element_type=\"section\">\n\t\t\t\t\t\t<div class=\"elementor-container elementor-column-gap-default\">\n\t\t\t\t\t<div class=\"elementor-column elementor-col-100 elementor-top-column elementor-element elementor-element-0059e55\" data-id=\"0059e55\" data-element_type=\"column\">\n\t\t\t<div class=\"elementor-widget-wrap elementor-element-populated\">\n\t\t\t\t\t\t<div class=\"elementor-element elementor-element-a76c715 elementor-widget elementor-widget-toggle\" data-id=\"a76c715\" data-element_type=\"widget\" data-widget_type=\"toggle.default\">\n\t\t\t\t<div class=\"elementor-widget-container\">\n\t\t\t\t\t\t\t<div class=\"elementor-toggle\">\n\t\t\t\t\t\t\t<div class=\"elementor-toggle-item\">\n\t\t\t\t\t<div id=\"elementor-tab-title-1751\" class=\"elementor-tab-title\" data-tab=\"1\" role=\"button\" aria-controls=\"elementor-tab-content-1751\" aria-expanded=\"false\">\n\t\t\t\t\t\t\t\t\t\t\t\t<span class=\"elementor-toggle-icon elementor-toggle-icon-left\" aria-hidden=\"true\">\n\t\t\t\t\t\t\t\t\t\t\t\t\t\t\t<span class=\"elementor-toggle-icon-closed\"><i class=\"fas fa-caret-right\"><\/i><\/span>\n\t\t\t\t\t\t\t\t<span class=\"elementor-toggle-icon-opened\"><i class=\"elementor-toggle-icon-opened fas fa-caret-up\"><\/i><\/span>\n\t\t\t\t\t\t\t\t\t\t\t\t\t<\/span>\n\t\t\t\t\t\t\t\t\t\t\t\t<a class=\"elementor-toggle-title\" tabindex=\"0\">To find out more<\/a>\n\t\t\t\t\t<\/div>\n\n\t\t\t\t\t<div id=\"elementor-tab-content-1751\" class=\"elementor-tab-content elementor-clearfix\" data-tab=\"1\" role=\"region\" aria-labelledby=\"elementor-tab-title-1751\"><p>As early as 1824, citizens petitioned for the construction of a school and the hiring of a teacher. It was thanks to the <em>Royal Institution for the Advancement of Learning<\/em> that Rawdon\u2019s first school was opened in 1826, in Range 2. The Irish Protestant Reverend J.E. Burton was in charge of this school. It became known as the school at the Forks and also served as an Anglican church for a time. Teaching was in English, but the school was open to all children, whatever their origin or religious denomination.<\/p><p>Another school was opened in the late 1820s, on lot 26 in Range 3.<\/p><p>This school was founded by Irish Protestants and Catholics, as evidenced by the names of the commissioners: John Robinson, Patrick Cassidy, Connolly Cassidy, James Cahill and Alexander Connolly.<\/p><p>A series of range schools were built in 1830 and 1860, encouraging local education.<\/p><p>In 1847, a report indicated that 527 pupils attended the 12 range schools. Diversity was celebrated in the range schools. In 1856, the school inspector noted that Rawdon was quite unique, academically speaking: \u201cAnglicans, Irish, English, Scottish Presbyterians, Irish and French-Canadian Catholics\u201d all learned side by side in the schools.<\/p><p>\u00a0<\/p><\/div>\n\t\t\t\t<\/div>\n\t\t\t\t\t\t\t\t<\/div>\n\t\t\t\t\t\t<\/div>\n\t\t\t\t<\/div>\n\t\t\t\t\t<\/div>\n\t\t<\/div>\n\t\t\t\t\t<\/div>\n\t\t<\/section>\n\t\t\t\t<section class=\"elementor-section elementor-top-section elementor-element elementor-element-b4d72cb elementor-section-boxed elementor-section-height-default elementor-section-height-default\" data-id=\"b4d72cb\" data-element_type=\"section\">\n\t\t\t\t\t\t<div class=\"elementor-container elementor-column-gap-default\">\n\t\t\t\t\t<div class=\"elementor-column elementor-col-100 elementor-top-column elementor-element elementor-element-80ee351\" data-id=\"80ee351\" data-element_type=\"column\">\n\t\t\t<div class=\"elementor-widget-wrap elementor-element-populated\">\n\t\t\t\t\t\t<div class=\"elementor-element elementor-element-ccd141b elementor-widget elementor-widget-image\" data-id=\"ccd141b\" data-element_type=\"widget\" data-widget_type=\"image.default\">\n\t\t\t\t<div class=\"elementor-widget-container\">\n\t\t\t\t\t\t\t\t\t\t\t\t<figure class=\"wp-caption\">\n\t\t\t\t\t\t\t\t\t\t\t<a href=\"https:\/\/www.histoirederawdon.ca\/wp-content\/uploads\/2025\/02\/image-9.png\">\n\t\t\t\t\t\t\t<img decoding=\"async\" width=\"300\" height=\"240\" src=\"https:\/\/www.histoirederawdon.ca\/wp-content\/uploads\/2025\/02\/image-9-300x240.png\" class=\"attachment-medium size-medium wp-image-10351\" alt=\"\" srcset=\"https:\/\/www.histoirederawdon.ca\/wp-content\/uploads\/2025\/02\/image-9-300x240.png 300w, https:\/\/www.histoirederawdon.ca\/wp-content\/uploads\/2025\/02\/image-9-1024x821.png 1024w, https:\/\/www.histoirederawdon.ca\/wp-content\/uploads\/2025\/02\/image-9-768x616.png 768w, https:\/\/www.histoirederawdon.ca\/wp-content\/uploads\/2025\/02\/image-9-1536x1231.png 1536w, https:\/\/www.histoirederawdon.ca\/wp-content\/uploads\/2025\/02\/image-9-2048x1642.png 2048w, https:\/\/www.histoirederawdon.ca\/wp-content\/uploads\/2025\/02\/image-9-15x12.png 15w\" sizes=\"(max-width: 300px) 100vw, 300px\" \/>\t\t\t\t\t\t\t\t<\/a>\n\t\t\t\t\t\t\t\t\t\t\t<figcaption class=\"widget-image-caption wp-caption-text\">In July 1885, a meeting was held to discuss and approve the building of the new model school.  An excerpt from the school board meeting minutes indicates that it was built in 1885-1886.<\/figcaption>\n\t\t\t\t\t\t\t\t\t\t<\/figure>\n\t\t\t\t\t\t\t\t\t<\/div>\n\t\t\t\t<\/div>\n\t\t\t\t\t<\/div>\n\t\t<\/div>\n\t\t\t\t\t<\/div>\n\t\t<\/section>\n\t\t\t\t<section class=\"elementor-section elementor-top-section elementor-element elementor-element-ec4a77f elementor-section-boxed elementor-section-height-default elementor-section-height-default\" data-id=\"ec4a77f\" data-element_type=\"section\">\n\t\t\t\t\t\t<div class=\"elementor-container elementor-column-gap-default\">\n\t\t\t\t\t<div class=\"elementor-column elementor-col-100 elementor-top-column elementor-element elementor-element-9d3bbfe\" data-id=\"9d3bbfe\" data-element_type=\"column\">\n\t\t\t<div class=\"elementor-widget-wrap elementor-element-populated\">\n\t\t\t\t\t\t<div class=\"elementor-element elementor-element-f48120c elementor-widget elementor-widget-image\" data-id=\"f48120c\" data-element_type=\"widget\" data-widget_type=\"image.default\">\n\t\t\t\t<div class=\"elementor-widget-container\">\n\t\t\t\t\t\t\t\t\t\t\t\t<figure class=\"wp-caption\">\n\t\t\t\t\t\t\t\t\t\t\t<a href=\"https:\/\/www.histoirederawdon.ca\/wp-content\/uploads\/2025\/02\/ecole-consolidated-amelioree.jpg\">\n\t\t\t\t\t\t\t<img decoding=\"async\" width=\"300\" height=\"188\" src=\"https:\/\/www.histoirederawdon.ca\/wp-content\/uploads\/2025\/02\/ecole-consolidated-amelioree-300x188.jpg\" class=\"attachment-medium size-medium wp-image-9560\" alt=\"\" srcset=\"https:\/\/www.histoirederawdon.ca\/wp-content\/uploads\/2025\/02\/ecole-consolidated-amelioree-300x188.jpg 300w, https:\/\/www.histoirederawdon.ca\/wp-content\/uploads\/2025\/02\/ecole-consolidated-amelioree-18x12.jpg 18w, https:\/\/www.histoirederawdon.ca\/wp-content\/uploads\/2025\/02\/ecole-consolidated-amelioree.jpg 587w\" sizes=\"(max-width: 300px) 100vw, 300px\" \/>\t\t\t\t\t\t\t\t<\/a>\n\t\t\t\t\t\t\t\t\t\t\t<figcaption class=\"widget-image-caption wp-caption-text\">English Protestant school, Metcalfe Street<\/figcaption>\n\t\t\t\t\t\t\t\t\t\t<\/figure>\n\t\t\t\t\t\t\t\t\t<\/div>\n\t\t\t\t<\/div>\n\t\t\t\t\t<\/div>\n\t\t<\/div>\n\t\t\t\t\t<\/div>\n\t\t<\/section>\n\t\t\t\t<section class=\"elementor-section elementor-top-section elementor-element elementor-element-742acff elementor-section-boxed elementor-section-height-default elementor-section-height-default\" data-id=\"742acff\" data-element_type=\"section\">\n\t\t\t\t\t\t<div class=\"elementor-container elementor-column-gap-default\">\n\t\t\t\t\t<div class=\"elementor-column elementor-col-100 elementor-top-column elementor-element elementor-element-1f0e4ee\" data-id=\"1f0e4ee\" data-element_type=\"column\">\n\t\t\t<div class=\"elementor-widget-wrap elementor-element-populated\">\n\t\t\t\t\t\t<div class=\"elementor-element elementor-element-598bbed elementor-widget elementor-widget-image\" data-id=\"598bbed\" data-element_type=\"widget\" data-widget_type=\"image.default\">\n\t\t\t\t<div class=\"elementor-widget-container\">\n\t\t\t\t\t\t\t\t\t\t\t\t<figure class=\"wp-caption\">\n\t\t\t\t\t\t\t\t\t\t\t<a href=\"https:\/\/www.histoirederawdon.ca\/wp-content\/uploads\/2025\/02\/couvent-ste-anne-ameliore-vue-de-cote.jpg\">\n\t\t\t\t\t\t\t<img loading=\"lazy\" decoding=\"async\" width=\"300\" height=\"190\" src=\"https:\/\/www.histoirederawdon.ca\/wp-content\/uploads\/2025\/02\/couvent-ste-anne-ameliore-vue-de-cote-300x190.jpg\" class=\"attachment-medium size-medium wp-image-9555\" alt=\"\" srcset=\"https:\/\/www.histoirederawdon.ca\/wp-content\/uploads\/2025\/02\/couvent-ste-anne-ameliore-vue-de-cote-300x190.jpg 300w, https:\/\/www.histoirederawdon.ca\/wp-content\/uploads\/2025\/02\/couvent-ste-anne-ameliore-vue-de-cote-18x12.jpg 18w, https:\/\/www.histoirederawdon.ca\/wp-content\/uploads\/2025\/02\/couvent-ste-anne-ameliore-vue-de-cote.jpg 694w\" sizes=\"(max-width: 300px) 100vw, 300px\" \/>\t\t\t\t\t\t\t\t<\/a>\n\t\t\t\t\t\t\t\t\t\t\t<figcaption class=\"widget-image-caption wp-caption-text\">Saint Anne Convent with bandstand<\/figcaption>\n\t\t\t\t\t\t\t\t\t\t<\/figure>\n\t\t\t\t\t\t\t\t\t<\/div>\n\t\t\t\t<\/div>\n\t\t\t\t\t<\/div>\n\t\t<\/div>\n\t\t\t\t\t<\/div>\n\t\t<\/section>\n\t\t\t\t<section class=\"elementor-section elementor-top-section elementor-element elementor-element-fcd2e31 elementor-section-boxed elementor-section-height-default elementor-section-height-default\" data-id=\"fcd2e31\" data-element_type=\"section\">\n\t\t\t\t\t\t<div class=\"elementor-container elementor-column-gap-default\">\n\t\t\t\t\t<div class=\"elementor-column elementor-col-100 elementor-top-column elementor-element elementor-element-acce690\" data-id=\"acce690\" data-element_type=\"column\">\n\t\t\t<div class=\"elementor-widget-wrap elementor-element-populated\">\n\t\t\t\t\t\t<div class=\"elementor-element elementor-element-d0f1792 elementor-widget elementor-widget-image\" data-id=\"d0f1792\" data-element_type=\"widget\" data-widget_type=\"image.default\">\n\t\t\t\t<div class=\"elementor-widget-container\">\n\t\t\t\t\t\t\t\t\t\t\t\t<figure class=\"wp-caption\">\n\t\t\t\t\t\t\t\t\t\t\t<a href=\"https:\/\/www.histoirederawdon.ca\/wp-content\/uploads\/2025\/02\/Ecole-couvent-de-Rawdon-Salle-de-musique1915.jpg\">\n\t\t\t\t\t\t\t<img loading=\"lazy\" decoding=\"async\" width=\"768\" height=\"475\" src=\"https:\/\/www.histoirederawdon.ca\/wp-content\/uploads\/2025\/02\/Ecole-couvent-de-Rawdon-Salle-de-musique1915-768x475.jpg\" class=\"attachment-medium_large size-medium_large wp-image-9618\" alt=\"\" srcset=\"https:\/\/www.histoirederawdon.ca\/wp-content\/uploads\/2025\/02\/Ecole-couvent-de-Rawdon-Salle-de-musique1915-768x475.jpg 768w, https:\/\/www.histoirederawdon.ca\/wp-content\/uploads\/2025\/02\/Ecole-couvent-de-Rawdon-Salle-de-musique1915-300x186.jpg 300w, https:\/\/www.histoirederawdon.ca\/wp-content\/uploads\/2025\/02\/Ecole-couvent-de-Rawdon-Salle-de-musique1915-1024x634.jpg 1024w, https:\/\/www.histoirederawdon.ca\/wp-content\/uploads\/2025\/02\/Ecole-couvent-de-Rawdon-Salle-de-musique1915-1536x951.jpg 1536w, https:\/\/www.histoirederawdon.ca\/wp-content\/uploads\/2025\/02\/Ecole-couvent-de-Rawdon-Salle-de-musique1915-18x12.jpg 18w, https:\/\/www.histoirederawdon.ca\/wp-content\/uploads\/2025\/02\/Ecole-couvent-de-Rawdon-Salle-de-musique1915.jpg 1648w\" sizes=\"(max-width: 768px) 100vw, 768px\" \/>\t\t\t\t\t\t\t\t<\/a>\n\t\t\t\t\t\t\t\t\t\t\t<figcaption class=\"widget-image-caption wp-caption-text\">Saint Anne Convent, music room<\/figcaption>\n\t\t\t\t\t\t\t\t\t\t<\/figure>\n\t\t\t\t\t\t\t\t\t<\/div>\n\t\t\t\t<\/div>\n\t\t\t\t\t<\/div>\n\t\t<\/div>\n\t\t\t\t\t<\/div>\n\t\t<\/section>\n\t\t\t\t<section class=\"elementor-section elementor-top-section elementor-element elementor-element-9c4906d elementor-section-boxed elementor-section-height-default elementor-section-height-default\" data-id=\"9c4906d\" data-element_type=\"section\">\n\t\t\t\t\t\t<div class=\"elementor-container elementor-column-gap-default\">\n\t\t\t\t\t<div class=\"elementor-column elementor-col-100 elementor-top-column elementor-element elementor-element-14f2aae\" data-id=\"14f2aae\" data-element_type=\"column\">\n\t\t\t<div class=\"elementor-widget-wrap elementor-element-populated\">\n\t\t\t\t\t\t<div class=\"elementor-element elementor-element-d219b46 elementor-widget elementor-widget-image\" data-id=\"d219b46\" data-element_type=\"widget\" data-widget_type=\"image.default\">\n\t\t\t\t<div class=\"elementor-widget-container\">\n\t\t\t\t\t\t\t\t\t\t\t\t<figure class=\"wp-caption\">\n\t\t\t\t\t\t\t\t\t\t\t<a href=\"https:\/\/www.histoirederawdon.ca\/wp-content\/uploads\/2025\/02\/college-st-anselme-ameliore-1.jpg\">\n\t\t\t\t\t\t\t<img loading=\"lazy\" decoding=\"async\" width=\"567\" height=\"248\" src=\"https:\/\/www.histoirederawdon.ca\/wp-content\/uploads\/2025\/02\/college-st-anselme-ameliore-1.jpg\" class=\"attachment-medium_large size-medium_large wp-image-10358\" alt=\"\" srcset=\"https:\/\/www.histoirederawdon.ca\/wp-content\/uploads\/2025\/02\/college-st-anselme-ameliore-1.jpg 567w, https:\/\/www.histoirederawdon.ca\/wp-content\/uploads\/2025\/02\/college-st-anselme-ameliore-1-300x131.jpg 300w, https:\/\/www.histoirederawdon.ca\/wp-content\/uploads\/2025\/02\/college-st-anselme-ameliore-1-18x8.jpg 18w\" sizes=\"(max-width: 567px) 100vw, 567px\" \/>\t\t\t\t\t\t\t\t<\/a>\n\t\t\t\t\t\t\t\t\t\t\t<figcaption class=\"widget-image-caption wp-caption-text\">Saint Anselm College<\/figcaption>\n\t\t\t\t\t\t\t\t\t\t<\/figure>\n\t\t\t\t\t\t\t\t\t<\/div>\n\t\t\t\t<\/div>\n\t\t\t\t\t<\/div>\n\t\t<\/div>\n\t\t\t\t\t<\/div>\n\t\t<\/section>\n\t\t\t\t<section class=\"elementor-section elementor-top-section elementor-element elementor-element-b0e134f elementor-section-boxed elementor-section-height-default elementor-section-height-default\" data-id=\"b0e134f\" data-element_type=\"section\">\n\t\t\t\t\t\t<div class=\"elementor-container elementor-column-gap-default\">\n\t\t\t\t\t<div class=\"elementor-column elementor-col-100 elementor-top-column elementor-element elementor-element-d475c07\" data-id=\"d475c07\" data-element_type=\"column\">\n\t\t\t<div class=\"elementor-widget-wrap elementor-element-populated\">\n\t\t\t\t\t\t<div class=\"elementor-element elementor-element-d928831 elementor-widget elementor-widget-heading\" data-id=\"d928831\" data-element_type=\"widget\" data-widget_type=\"heading.default\">\n\t\t\t\t<div class=\"elementor-widget-container\">\n\t\t\t\t\t<h2 class=\"elementor-heading-title elementor-size-default\">The evolution of range schools<\/h2>\t\t\t\t<\/div>\n\t\t\t\t<\/div>\n\t\t\t\t\t<\/div>\n\t\t<\/div>\n\t\t\t\t\t<\/div>\n\t\t<\/section>\n\t\t\t\t<section class=\"elementor-section elementor-top-section elementor-element elementor-element-03afec3 elementor-section-boxed elementor-section-height-default elementor-section-height-default\" data-id=\"03afec3\" data-element_type=\"section\">\n\t\t\t\t\t\t<div class=\"elementor-container elementor-column-gap-default\">\n\t\t\t\t\t<div class=\"elementor-column elementor-col-100 elementor-top-column elementor-element elementor-element-f168aa5\" data-id=\"f168aa5\" data-element_type=\"column\">\n\t\t\t<div class=\"elementor-widget-wrap elementor-element-populated\">\n\t\t\t\t\t\t<div class=\"elementor-element elementor-element-0d48cef elementor-widget elementor-widget-text-editor\" data-id=\"0d48cef\" data-element_type=\"widget\" data-widget_type=\"text-editor.default\">\n\t\t\t\t<div class=\"elementor-widget-container\">\n\t\t\t\t\t\t\t\t\t<p>By 1847, 527 students were attending these schools.<\/p><p>From the 1880s, two school administrations, one Protestant and one Catholic, replaced the Royal Institution for the Advancement of Learning. Irish children then attended schools according to their religious denomination.\u00a0<\/p><p>After 1884, due to a lack of students, many Protestant range schools were merged. In 1947, the last Protestant range schools were closed, and the children were bused to the village school. Catholic range schools were closed 10 years later.\u00a0<\/p>\t\t\t\t\t\t\t\t<\/div>\n\t\t\t\t<\/div>\n\t\t\t\t\t<\/div>\n\t\t<\/div>\n\t\t\t\t\t<\/div>\n\t\t<\/section>\n\t\t\t\t<section class=\"elementor-section elementor-top-section elementor-element elementor-element-1580b18 elementor-section-boxed elementor-section-height-default elementor-section-height-default\" data-id=\"1580b18\" data-element_type=\"section\">\n\t\t\t\t\t\t<div class=\"elementor-container elementor-column-gap-default\">\n\t\t\t\t\t<div class=\"elementor-column elementor-col-100 elementor-top-column elementor-element elementor-element-16f6de1\" data-id=\"16f6de1\" data-element_type=\"column\">\n\t\t\t<div class=\"elementor-widget-wrap elementor-element-populated\">\n\t\t\t\t\t\t<div class=\"elementor-element elementor-element-0a9ea2a elementor-widget elementor-widget-toggle\" data-id=\"0a9ea2a\" data-element_type=\"widget\" data-widget_type=\"toggle.default\">\n\t\t\t\t<div class=\"elementor-widget-container\">\n\t\t\t\t\t\t\t<div class=\"elementor-toggle\">\n\t\t\t\t\t\t\t<div class=\"elementor-toggle-item\">\n\t\t\t\t\t<div id=\"elementor-tab-title-1111\" class=\"elementor-tab-title\" data-tab=\"1\" role=\"button\" aria-controls=\"elementor-tab-content-1111\" aria-expanded=\"false\">\n\t\t\t\t\t\t\t\t\t\t\t\t<span class=\"elementor-toggle-icon elementor-toggle-icon-left\" aria-hidden=\"true\">\n\t\t\t\t\t\t\t\t\t\t\t\t\t\t\t<span class=\"elementor-toggle-icon-closed\"><i class=\"fas fa-caret-right\"><\/i><\/span>\n\t\t\t\t\t\t\t\t<span class=\"elementor-toggle-icon-opened\"><i class=\"elementor-toggle-icon-opened fas fa-caret-up\"><\/i><\/span>\n\t\t\t\t\t\t\t\t\t\t\t\t\t<\/span>\n\t\t\t\t\t\t\t\t\t\t\t\t<a class=\"elementor-toggle-title\" tabindex=\"0\">To find out more<\/a>\n\t\t\t\t\t<\/div>\n\n\t\t\t\t\t<div id=\"elementor-tab-content-1111\" class=\"elementor-tab-content elementor-clearfix\" data-tab=\"1\" role=\"region\" aria-labelledby=\"elementor-tab-title-1111\"><p>The creation of the Catholic School Board in 1863 initiated changes in Rawdon.<\/p><p>The village now had a Catholic school for boys, Saint-Louis School, also known as School 1, and a school for girls, Saint Anne Convent, or School 2. Both were attended by students of Irish and French-Canadian origin.<\/p><p>From the 1880s onwards, two independent school administrations, one Catholic and one Protestant, oversaw education according to religious denomination.<\/p><p>The range schools, which generally had just one classroom, gradually disappeared, and after 1900, pupils had to go to the larger village schools.<\/p><p>A village school for English speakers, which would become known as the white school, replaced  the old school on Queen Street. The white school was built in the early 20<sup>e<\/sup> century, at the corner of Metcalfe Street and 4th Avenue. In 1950, it was replaced by another building, successively named <em>Rawdon Consolidated School<\/em> and <em>Rawdon Elementary School<\/em>.<\/p><p>Saint Anne Convent started out as an elementary school but later added secondary education. The introduction of the bilingual business course earned the school a great reputation throughout Quebec, Canada and New England.<\/p><p>Saint Anselm College was founded in the early 20<sup>e<\/sup> century by the Clerics of Saint-Viateur but financed by Rawdon notables, such as James Corcoran and Firmin Dugas. Its name was changed to Coll\u00e8ge Champagneur in 1958.<\/p><\/div>\n\t\t\t\t<\/div>\n\t\t\t\t\t\t\t\t<\/div>\n\t\t\t\t\t\t<\/div>\n\t\t\t\t<\/div>\n\t\t\t\t\t<\/div>\n\t\t<\/div>\n\t\t\t\t\t<\/div>\n\t\t<\/section>\n\t\t\t\t<section class=\"elementor-section elementor-top-section elementor-element elementor-element-8d43f87 elementor-section-boxed elementor-section-height-default elementor-section-height-default\" data-id=\"8d43f87\" data-element_type=\"section\">\n\t\t\t\t\t\t<div class=\"elementor-container elementor-column-gap-default\">\n\t\t\t\t\t<div class=\"elementor-column elementor-col-50 elementor-top-column elementor-element elementor-element-c092462\" data-id=\"c092462\" data-element_type=\"column\">\n\t\t\t<div class=\"elementor-widget-wrap elementor-element-populated\">\n\t\t\t\t\t\t<div class=\"elementor-element elementor-element-7791232 elementor-widget elementor-widget-button\" data-id=\"7791232\" data-element_type=\"widget\" data-widget_type=\"button.default\">\n\t\t\t\t<div class=\"elementor-widget-container\">\n\t\t\t\t\t\t\t\t\t<div class=\"elementor-button-wrapper\">\n\t\t\t\t\t<a class=\"elementor-button elementor-button-link elementor-size-sm\" href=\"https:\/\/www.histoirederawdon.ca\/en\/la-vie-paroissiale-chez-les-catholiques\/\">\n\t\t\t\t\t\t<span class=\"elementor-button-content-wrapper\">\n\t\t\t\t\t\t\t\t\t<span class=\"elementor-button-text\">Previous page<\/span>\n\t\t\t\t\t<\/span>\n\t\t\t\t\t<\/a>\n\t\t\t\t<\/div>\n\t\t\t\t\t\t\t\t<\/div>\n\t\t\t\t<\/div>\n\t\t\t\t\t<\/div>\n\t\t<\/div>\n\t\t\t\t<div class=\"elementor-column elementor-col-50 elementor-top-column elementor-element elementor-element-c359835\" data-id=\"c359835\" data-element_type=\"column\">\n\t\t\t<div class=\"elementor-widget-wrap elementor-element-populated\">\n\t\t\t\t\t\t<div class=\"elementor-element elementor-element-4293c1e elementor-align-right elementor-widget elementor-widget-button\" data-id=\"4293c1e\" data-element_type=\"widget\" data-widget_type=\"button.default\">\n\t\t\t\t<div class=\"elementor-widget-container\">\n\t\t\t\t\t\t\t\t\t<div class=\"elementor-button-wrapper\">\n\t\t\t\t\t<a class=\"elementor-button elementor-button-link elementor-size-sm\" href=\"https:\/\/www.histoirederawdon.ca\/en\/la-vie-economique-et-les-premiers-succes-commerciaux\/\">\n\t\t\t\t\t\t<span class=\"elementor-button-content-wrapper\">\n\t\t\t\t\t\t\t\t\t<span class=\"elementor-button-text\">Next page<\/span>\n\t\t\t\t\t<\/span>\n\t\t\t\t\t<\/a>\n\t\t\t\t<\/div>\n\t\t\t\t\t\t\t\t<\/div>\n\t\t\t\t<\/div>\n\t\t\t\t\t<\/div>\n\t\t<\/div>\n\t\t\t\t\t<\/div>\n\t\t<\/section>\n\t\t\t\t<\/div>","protected":false},"excerpt":{"rendered":"<p>Th\u00e8me n\u00b0 7 de l\u2019exposition \u00ab\u00a0La pr\u00e9sence irlandaise \u00e0 Rawdon d\u2019hier \u00e0 aujourd&rsquo;hui\u00a0\u00bb, tenue au Centre d\u2019interpr\u00e9tation multiethnique de Rawdon, les samedis et dimanches, de 14\u00a0h \u00e0 16\u00a0h, du 2\u00a0au 30\u00a0mars\u00a02025 (\u00e0 l\u2019exception du\u00a022). \u00c9cole de rang, 3741, chemin de Kildare Premi\u00e8res \u00e9coles \u00e0 Rawdon Les premi\u00e8res \u00e9coles de Rawdon ont \u00e9t\u00e9 mises en place [&hellip;]<\/p>","protected":false},"author":2,"featured_media":0,"comment_status":"closed","ping_status":"closed","sticky":false,"template":"","format":"standard","meta":{"ocean_post_layout":"","ocean_both_sidebars_style":"","ocean_both_sidebars_content_width":0,"ocean_both_sidebars_sidebars_width":0,"ocean_sidebar":"","ocean_second_sidebar":"","ocean_disable_margins":"enable","ocean_add_body_class":"","ocean_shortcode_before_top_bar":"","ocean_shortcode_after_top_bar":"","ocean_shortcode_before_header":"","ocean_shortcode_after_header":"","ocean_has_shortcode":"","ocean_shortcode_after_title":"","ocean_shortcode_before_footer_widgets":"","ocean_shortcode_after_footer_widgets":"","ocean_shortcode_before_footer_bottom":"","ocean_shortcode_after_footer_bottom":"","ocean_display_top_bar":"default","ocean_display_header":"default","ocean_header_style":"","ocean_center_header_left_menu":"","ocean_custom_header_template":"","ocean_custom_logo":0,"ocean_custom_retina_logo":0,"ocean_custom_logo_max_width":0,"ocean_custom_logo_tablet_max_width":0,"ocean_custom_logo_mobile_max_width":0,"ocean_custom_logo_max_height":0,"ocean_custom_logo_tablet_max_height":0,"ocean_custom_logo_mobile_max_height":0,"ocean_header_custom_menu":"","ocean_menu_typo_font_family":"","ocean_menu_typo_font_subset":"","ocean_menu_typo_font_size":0,"ocean_menu_typo_font_size_tablet":0,"ocean_menu_typo_font_size_mobile":0,"ocean_menu_typo_font_size_unit":"px","ocean_menu_typo_font_weight":"","ocean_menu_typo_font_weight_tablet":"","ocean_menu_typo_font_weight_mobile":"","ocean_menu_typo_transform":"","ocean_menu_typo_transform_tablet":"","ocean_menu_typo_transform_mobile":"","ocean_menu_typo_line_height":0,"ocean_menu_typo_line_height_tablet":0,"ocean_menu_typo_line_height_mobile":0,"ocean_menu_typo_line_height_unit":"","ocean_menu_typo_spacing":0,"ocean_menu_typo_spacing_tablet":0,"ocean_menu_typo_spacing_mobile":0,"ocean_menu_typo_spacing_unit":"","ocean_menu_link_color":"","ocean_menu_link_color_hover":"","ocean_menu_link_color_active":"","ocean_menu_link_background":"","ocean_menu_link_hover_background":"","ocean_menu_link_active_background":"","ocean_menu_social_links_bg":"","ocean_menu_social_hover_links_bg":"","ocean_menu_social_links_color":"","ocean_menu_social_hover_links_color":"","ocean_disable_title":"default","ocean_disable_heading":"default","ocean_post_title":"","ocean_post_subheading":"","ocean_post_title_style":"","ocean_post_title_background_color":"","ocean_post_title_background":0,"ocean_post_title_bg_image_position":"","ocean_post_title_bg_image_attachment":"","ocean_post_title_bg_image_repeat":"","ocean_post_title_bg_image_size":"","ocean_post_title_height":0,"ocean_post_title_bg_overlay":0.5,"ocean_post_title_bg_overlay_color":"","ocean_disable_breadcrumbs":"default","ocean_breadcrumbs_color":"","ocean_breadcrumbs_separator_color":"","ocean_breadcrumbs_links_color":"","ocean_breadcrumbs_links_hover_color":"","ocean_display_footer_widgets":"default","ocean_display_footer_bottom":"default","ocean_custom_footer_template":"","_jetpack_memberships_contains_paid_content":false,"ocean_post_oembed":"","ocean_post_self_hosted_media":"","ocean_post_video_embed":"","ocean_link_format":"","ocean_link_format_target":"self","ocean_quote_format":"","ocean_quote_format_link":"post","ocean_gallery_link_images":"on","ocean_gallery_id":[],"footnotes":""},"categories":[28],"tags":[],"class_list":["post-9867","post","type-post","status-publish","format-standard","hentry","category-les-irlandais","entry"],"yoast_head":"<!-- This site is optimized with the Yoast SEO plugin v26.3 - https:\/\/yoast.com\/wordpress\/plugins\/seo\/ -->\n<title>Les \u00e9coles de Rawdon - Histoire de Rawdon<\/title>\n<meta name=\"robots\" content=\"index, follow, max-snippet:-1, max-image-preview:large, max-video-preview:-1\" \/>\n<link rel=\"canonical\" href=\"https:\/\/www.histoirederawdon.ca\/en\/les-ecoles-de-rawdon\/\" \/>\n<meta property=\"og:locale\" content=\"en_US\" \/>\n<meta property=\"og:type\" content=\"article\" \/>\n<meta property=\"og:title\" content=\"Les \u00e9coles de Rawdon - Histoire de Rawdon\" \/>\n<meta property=\"og:description\" content=\"Th\u00e8me n\u00b0 7 de l\u2019exposition \u00ab\u00a0La pr\u00e9sence irlandaise \u00e0 Rawdon d\u2019hier \u00e0 aujourd&rsquo;hui\u00a0\u00bb, tenue au Centre d\u2019interpr\u00e9tation multiethnique de Rawdon, les samedis et dimanches, de 14\u00a0h \u00e0 16\u00a0h, du 2\u00a0au 30\u00a0mars\u00a02025 (\u00e0 l\u2019exception du\u00a022). \u00c9cole de rang, 3741, chemin de Kildare Premi\u00e8res \u00e9coles \u00e0 Rawdon Les premi\u00e8res \u00e9coles de Rawdon ont \u00e9t\u00e9 mises en place [&hellip;]\" \/>\n<meta property=\"og:url\" content=\"https:\/\/www.histoirederawdon.ca\/en\/les-ecoles-de-rawdon\/\" \/>\n<meta property=\"og:site_name\" content=\"Histoire de Rawdon\" \/>\n<meta property=\"article:published_time\" content=\"2025-02-24T19:59:24+00:00\" \/>\n<meta property=\"article:modified_time\" content=\"2025-02-28T15:02:23+00:00\" \/>\n<meta property=\"og:image\" content=\"https:\/\/www.histoirederawdon.ca\/wp-content\/uploads\/2025\/02\/Ecole-de-rang-dans-Kildare.jpg\" \/>\n\t<meta property=\"og:image:width\" content=\"1391\" \/>\n\t<meta property=\"og:image:height\" content=\"956\" \/>\n\t<meta property=\"og:image:type\" content=\"image\/jpeg\" \/>\n<meta name=\"author\" content=\"France\" \/>\n<meta name=\"twitter:card\" content=\"summary_large_image\" \/>\n<meta name=\"twitter:label1\" content=\"Written by\" \/>\n\t<meta name=\"twitter:data1\" content=\"France\" \/>\n\t<meta name=\"twitter:label2\" content=\"Est. reading time\" \/>\n\t<meta name=\"twitter:data2\" content=\"5 minutes\" \/>\n<script type=\"application\/ld+json\" class=\"yoast-schema-graph\">{\"@context\":\"https:\/\/schema.org\",\"@graph\":[{\"@type\":\"Article\",\"@id\":\"https:\/\/www.histoirederawdon.ca\/les-ecoles-de-rawdon\/#article\",\"isPartOf\":{\"@id\":\"https:\/\/www.histoirederawdon.ca\/les-ecoles-de-rawdon\/\"},\"author\":{\"name\":\"France\",\"@id\":\"https:\/\/www.histoirederawdon.ca\/#\/schema\/person\/12282ff450eae820e4f7bc73553d7e86\"},\"headline\":\"Les \u00e9coles de Rawdon\",\"datePublished\":\"2025-02-24T19:59:24+00:00\",\"dateModified\":\"2025-02-28T15:02:23+00:00\",\"mainEntityOfPage\":{\"@id\":\"https:\/\/www.histoirederawdon.ca\/les-ecoles-de-rawdon\/\"},\"wordCount\":752,\"publisher\":{\"@id\":\"https:\/\/www.histoirederawdon.ca\/#organization\"},\"image\":{\"@id\":\"https:\/\/www.histoirederawdon.ca\/les-ecoles-de-rawdon\/#primaryimage\"},\"thumbnailUrl\":\"https:\/\/www.histoirederawdon.ca\/wp-content\/uploads\/2025\/02\/Ecole-de-rang-dans-Kildare-300x206.jpg\",\"articleSection\":[\"Les Irlandais\"],\"inLanguage\":\"en-CA\"},{\"@type\":\"WebPage\",\"@id\":\"https:\/\/www.histoirederawdon.ca\/les-ecoles-de-rawdon\/\",\"url\":\"https:\/\/www.histoirederawdon.ca\/les-ecoles-de-rawdon\/\",\"name\":\"Les \u00e9coles de Rawdon - Histoire de Rawdon\",\"isPartOf\":{\"@id\":\"https:\/\/www.histoirederawdon.ca\/#website\"},\"primaryImageOfPage\":{\"@id\":\"https:\/\/www.histoirederawdon.ca\/les-ecoles-de-rawdon\/#primaryimage\"},\"image\":{\"@id\":\"https:\/\/www.histoirederawdon.ca\/les-ecoles-de-rawdon\/#primaryimage\"},\"thumbnailUrl\":\"https:\/\/www.histoirederawdon.ca\/wp-content\/uploads\/2025\/02\/Ecole-de-rang-dans-Kildare-300x206.jpg\",\"datePublished\":\"2025-02-24T19:59:24+00:00\",\"dateModified\":\"2025-02-28T15:02:23+00:00\",\"breadcrumb\":{\"@id\":\"https:\/\/www.histoirederawdon.ca\/les-ecoles-de-rawdon\/#breadcrumb\"},\"inLanguage\":\"en-CA\",\"potentialAction\":[{\"@type\":\"ReadAction\",\"target\":[\"https:\/\/www.histoirederawdon.ca\/les-ecoles-de-rawdon\/\"]}]},{\"@type\":\"ImageObject\",\"inLanguage\":\"en-CA\",\"@id\":\"https:\/\/www.histoirederawdon.ca\/les-ecoles-de-rawdon\/#primaryimage\",\"url\":\"https:\/\/www.histoirederawdon.ca\/wp-content\/uploads\/2025\/02\/Ecole-de-rang-dans-Kildare-300x206.jpg\",\"contentUrl\":\"https:\/\/www.histoirederawdon.ca\/wp-content\/uploads\/2025\/02\/Ecole-de-rang-dans-Kildare-300x206.jpg\"},{\"@type\":\"BreadcrumbList\",\"@id\":\"https:\/\/www.histoirederawdon.ca\/les-ecoles-de-rawdon\/#breadcrumb\",\"itemListElement\":[{\"@type\":\"ListItem\",\"position\":1,\"name\":\"Accueil\",\"item\":\"https:\/\/www.histoirederawdon.ca\/\"},{\"@type\":\"ListItem\",\"position\":2,\"name\":\"Les \u00e9coles de Rawdon\"}]},{\"@type\":\"WebSite\",\"@id\":\"https:\/\/www.histoirederawdon.ca\/#website\",\"url\":\"https:\/\/www.histoirederawdon.ca\/\",\"name\":\"Histoire de Rawdon\",\"description\":\"Patrimoine et communaut\u00e9s\",\"publisher\":{\"@id\":\"https:\/\/www.histoirederawdon.ca\/#organization\"},\"potentialAction\":[{\"@type\":\"SearchAction\",\"target\":{\"@type\":\"EntryPoint\",\"urlTemplate\":\"https:\/\/www.histoirederawdon.ca\/?s={search_term_string}\"},\"query-input\":{\"@type\":\"PropertyValueSpecification\",\"valueRequired\":true,\"valueName\":\"search_term_string\"}}],\"inLanguage\":\"en-CA\"},{\"@type\":\"Organization\",\"@id\":\"https:\/\/www.histoirederawdon.ca\/#organization\",\"name\":\"Soci\u00e9t\u00e9 d'histoire de Rawdon\",\"url\":\"https:\/\/www.histoirederawdon.ca\/\",\"logo\":{\"@type\":\"ImageObject\",\"inLanguage\":\"en-CA\",\"@id\":\"https:\/\/www.histoirederawdon.ca\/#\/schema\/logo\/image\/\",\"url\":\"https:\/\/www.histoirederawdon.ca\/wp-content\/uploads\/2022\/12\/SHR-LOGO-1.png\",\"contentUrl\":\"https:\/\/www.histoirederawdon.ca\/wp-content\/uploads\/2022\/12\/SHR-LOGO-1.png\",\"width\":744,\"height\":452,\"caption\":\"Soci\u00e9t\u00e9 d'histoire de Rawdon\"},\"image\":{\"@id\":\"https:\/\/www.histoirederawdon.ca\/#\/schema\/logo\/image\/\"}},{\"@type\":\"Person\",\"@id\":\"https:\/\/www.histoirederawdon.ca\/#\/schema\/person\/12282ff450eae820e4f7bc73553d7e86\",\"name\":\"France\",\"image\":{\"@type\":\"ImageObject\",\"inLanguage\":\"en-CA\",\"@id\":\"https:\/\/www.histoirederawdon.ca\/#\/schema\/person\/image\/\",\"url\":\"https:\/\/secure.gravatar.com\/avatar\/8cec1edcc172c149f0b20cc9f63c45af5b45ce9e54f46da7d1143533fb2e5e10?s=96&d=mm&r=g\",\"contentUrl\":\"https:\/\/secure.gravatar.com\/avatar\/8cec1edcc172c149f0b20cc9f63c45af5b45ce9e54f46da7d1143533fb2e5e10?s=96&d=mm&r=g\",\"caption\":\"France\"},\"url\":\"https:\/\/www.histoirederawdon.ca\/en\/author\/fpontbriand\/\"}]}<\/script>\n<!-- \/ Yoast SEO plugin. -->","yoast_head_json":{"title":"Les \u00e9coles de Rawdon - Histoire de Rawdon","robots":{"index":"index","follow":"follow","max-snippet":"max-snippet:-1","max-image-preview":"max-image-preview:large","max-video-preview":"max-video-preview:-1"},"canonical":"https:\/\/www.histoirederawdon.ca\/en\/les-ecoles-de-rawdon\/","og_locale":"en_US","og_type":"article","og_title":"Les \u00e9coles de Rawdon - Histoire de Rawdon","og_description":"Th\u00e8me n\u00b0 7 de l\u2019exposition \u00ab\u00a0La pr\u00e9sence irlandaise \u00e0 Rawdon d\u2019hier \u00e0 aujourd&rsquo;hui\u00a0\u00bb, tenue au Centre d\u2019interpr\u00e9tation multiethnique de Rawdon, les samedis et dimanches, de 14\u00a0h \u00e0 16\u00a0h, du 2\u00a0au 30\u00a0mars\u00a02025 (\u00e0 l\u2019exception du\u00a022). \u00c9cole de rang, 3741, chemin de Kildare Premi\u00e8res \u00e9coles \u00e0 Rawdon Les premi\u00e8res \u00e9coles de Rawdon ont \u00e9t\u00e9 mises en place [&hellip;]","og_url":"https:\/\/www.histoirederawdon.ca\/en\/les-ecoles-de-rawdon\/","og_site_name":"Histoire de Rawdon","article_published_time":"2025-02-24T19:59:24+00:00","article_modified_time":"2025-02-28T15:02:23+00:00","og_image":[{"width":1391,"height":956,"url":"https:\/\/www.histoirederawdon.ca\/wp-content\/uploads\/2025\/02\/Ecole-de-rang-dans-Kildare.jpg","type":"image\/jpeg"}],"author":"France","twitter_card":"summary_large_image","twitter_misc":{"Written by":"France","Est. reading time":"5 minutes"},"schema":{"@context":"https:\/\/schema.org","@graph":[{"@type":"Article","@id":"https:\/\/www.histoirederawdon.ca\/les-ecoles-de-rawdon\/#article","isPartOf":{"@id":"https:\/\/www.histoirederawdon.ca\/les-ecoles-de-rawdon\/"},"author":{"name":"France","@id":"https:\/\/www.histoirederawdon.ca\/#\/schema\/person\/12282ff450eae820e4f7bc73553d7e86"},"headline":"Les \u00e9coles de Rawdon","datePublished":"2025-02-24T19:59:24+00:00","dateModified":"2025-02-28T15:02:23+00:00","mainEntityOfPage":{"@id":"https:\/\/www.histoirederawdon.ca\/les-ecoles-de-rawdon\/"},"wordCount":752,"publisher":{"@id":"https:\/\/www.histoirederawdon.ca\/#organization"},"image":{"@id":"https:\/\/www.histoirederawdon.ca\/les-ecoles-de-rawdon\/#primaryimage"},"thumbnailUrl":"https:\/\/www.histoirederawdon.ca\/wp-content\/uploads\/2025\/02\/Ecole-de-rang-dans-Kildare-300x206.jpg","articleSection":["Les Irlandais"],"inLanguage":"en-CA"},{"@type":"WebPage","@id":"https:\/\/www.histoirederawdon.ca\/les-ecoles-de-rawdon\/","url":"https:\/\/www.histoirederawdon.ca\/les-ecoles-de-rawdon\/","name":"Les \u00e9coles de Rawdon - Histoire de Rawdon","isPartOf":{"@id":"https:\/\/www.histoirederawdon.ca\/#website"},"primaryImageOfPage":{"@id":"https:\/\/www.histoirederawdon.ca\/les-ecoles-de-rawdon\/#primaryimage"},"image":{"@id":"https:\/\/www.histoirederawdon.ca\/les-ecoles-de-rawdon\/#primaryimage"},"thumbnailUrl":"https:\/\/www.histoirederawdon.ca\/wp-content\/uploads\/2025\/02\/Ecole-de-rang-dans-Kildare-300x206.jpg","datePublished":"2025-02-24T19:59:24+00:00","dateModified":"2025-02-28T15:02:23+00:00","breadcrumb":{"@id":"https:\/\/www.histoirederawdon.ca\/les-ecoles-de-rawdon\/#breadcrumb"},"inLanguage":"en-CA","potentialAction":[{"@type":"ReadAction","target":["https:\/\/www.histoirederawdon.ca\/les-ecoles-de-rawdon\/"]}]},{"@type":"ImageObject","inLanguage":"en-CA","@id":"https:\/\/www.histoirederawdon.ca\/les-ecoles-de-rawdon\/#primaryimage","url":"https:\/\/www.histoirederawdon.ca\/wp-content\/uploads\/2025\/02\/Ecole-de-rang-dans-Kildare-300x206.jpg","contentUrl":"https:\/\/www.histoirederawdon.ca\/wp-content\/uploads\/2025\/02\/Ecole-de-rang-dans-Kildare-300x206.jpg"},{"@type":"BreadcrumbList","@id":"https:\/\/www.histoirederawdon.ca\/les-ecoles-de-rawdon\/#breadcrumb","itemListElement":[{"@type":"ListItem","position":1,"name":"Accueil","item":"https:\/\/www.histoirederawdon.ca\/"},{"@type":"ListItem","position":2,"name":"Les \u00e9coles de Rawdon"}]},{"@type":"WebSite","@id":"https:\/\/www.histoirederawdon.ca\/#website","url":"https:\/\/www.histoirederawdon.ca\/","name":"Histoire de Rawdon","description":"Patrimoine et communaut\u00e9s","publisher":{"@id":"https:\/\/www.histoirederawdon.ca\/#organization"},"potentialAction":[{"@type":"SearchAction","target":{"@type":"EntryPoint","urlTemplate":"https:\/\/www.histoirederawdon.ca\/?s={search_term_string}"},"query-input":{"@type":"PropertyValueSpecification","valueRequired":true,"valueName":"search_term_string"}}],"inLanguage":"en-CA"},{"@type":"Organization","@id":"https:\/\/www.histoirederawdon.ca\/#organization","name":"Soci\u00e9t\u00e9 d'histoire de Rawdon","url":"https:\/\/www.histoirederawdon.ca\/","logo":{"@type":"ImageObject","inLanguage":"en-CA","@id":"https:\/\/www.histoirederawdon.ca\/#\/schema\/logo\/image\/","url":"https:\/\/www.histoirederawdon.ca\/wp-content\/uploads\/2022\/12\/SHR-LOGO-1.png","contentUrl":"https:\/\/www.histoirederawdon.ca\/wp-content\/uploads\/2022\/12\/SHR-LOGO-1.png","width":744,"height":452,"caption":"Soci\u00e9t\u00e9 d'histoire de Rawdon"},"image":{"@id":"https:\/\/www.histoirederawdon.ca\/#\/schema\/logo\/image\/"}},{"@type":"Person","@id":"https:\/\/www.histoirederawdon.ca\/#\/schema\/person\/12282ff450eae820e4f7bc73553d7e86","name":"France","image":{"@type":"ImageObject","inLanguage":"en-CA","@id":"https:\/\/www.histoirederawdon.ca\/#\/schema\/person\/image\/","url":"https:\/\/secure.gravatar.com\/avatar\/8cec1edcc172c149f0b20cc9f63c45af5b45ce9e54f46da7d1143533fb2e5e10?s=96&d=mm&r=g","contentUrl":"https:\/\/secure.gravatar.com\/avatar\/8cec1edcc172c149f0b20cc9f63c45af5b45ce9e54f46da7d1143533fb2e5e10?s=96&d=mm&r=g","caption":"France"},"url":"https:\/\/www.histoirederawdon.ca\/en\/author\/fpontbriand\/"}]}},"jetpack_featured_media_url":"","jetpack_sharing_enabled":true,"_links":{"self":[{"href":"https:\/\/www.histoirederawdon.ca\/en\/wp-json\/wp\/v2\/posts\/9867","targetHints":{"allow":["GET"]}}],"collection":[{"href":"https:\/\/www.histoirederawdon.ca\/en\/wp-json\/wp\/v2\/posts"}],"about":[{"href":"https:\/\/www.histoirederawdon.ca\/en\/wp-json\/wp\/v2\/types\/post"}],"author":[{"embeddable":true,"href":"https:\/\/www.histoirederawdon.ca\/en\/wp-json\/wp\/v2\/users\/2"}],"replies":[{"embeddable":true,"href":"https:\/\/www.histoirederawdon.ca\/en\/wp-json\/wp\/v2\/comments?post=9867"}],"version-history":[{"count":49,"href":"https:\/\/www.histoirederawdon.ca\/en\/wp-json\/wp\/v2\/posts\/9867\/revisions"}],"predecessor-version":[{"id":10959,"href":"https:\/\/www.histoirederawdon.ca\/en\/wp-json\/wp\/v2\/posts\/9867\/revisions\/10959"}],"wp:attachment":[{"href":"https:\/\/www.histoirederawdon.ca\/en\/wp-json\/wp\/v2\/media?parent=9867"}],"wp:term":[{"taxonomy":"category","embeddable":true,"href":"https:\/\/www.histoirederawdon.ca\/en\/wp-json\/wp\/v2\/categories?post=9867"},{"taxonomy":"post_tag","embeddable":true,"href":"https:\/\/www.histoirederawdon.ca\/en\/wp-json\/wp\/v2\/tags?post=9867"}],"curies":[{"name":"wp","href":"https:\/\/api.w.org\/{rel}","templated":true}]}}