{"id":9893,"date":"2025-02-26T11:35:08","date_gmt":"2025-02-26T15:35:08","guid":{"rendered":"https:\/\/www.histoirederawdon.ca\/?p=9893"},"modified":"2025-03-01T00:03:20","modified_gmt":"2025-03-01T04:03:20","slug":"la-presence-irlandaise-a-rawdon-de-nos-jours","status":"publish","type":"post","link":"https:\/\/www.histoirederawdon.ca\/en\/la-presence-irlandaise-a-rawdon-de-nos-jours\/","title":{"rendered":"The Irish Presence in Rawdon Today\u00a0"},"content":{"rendered":"<div data-elementor-type=\"wp-post\" data-elementor-id=\"9893\" class=\"elementor elementor-9893\">\n\t\t\t\t\t\t<section class=\"elementor-section elementor-top-section elementor-element elementor-element-598bb34 elementor-section-boxed elementor-section-height-default elementor-section-height-default\" data-id=\"598bb34\" data-element_type=\"section\">\n\t\t\t\t\t\t<div class=\"elementor-container elementor-column-gap-default\">\n\t\t\t\t\t<div class=\"elementor-column elementor-col-100 elementor-top-column elementor-element elementor-element-22a40b88\" data-id=\"22a40b88\" data-element_type=\"column\">\n\t\t\t<div class=\"elementor-widget-wrap elementor-element-populated\">\n\t\t\t\t\t\t<div class=\"elementor-element elementor-element-28a1ca93 elementor-widget elementor-widget-text-editor\" data-id=\"28a1ca93\" data-element_type=\"widget\" data-widget_type=\"text-editor.default\">\n\t\t\t\t<div class=\"elementor-widget-container\">\n\t\t\t\t\t\t\t\t\t\n<p><strong>Theme no. 12<\/strong> <strong>\u00a0<\/strong>of the exhibit \"The Irish Presence in Rawdon, Yesterday and Today\", held at the Centre d'interpr\u00e9tation multiethnique de Rawdon, Saturdays and Sundays between 2 p.m. and 4 p.m. from March 2 to 30, 2025 (except on March 22).\u00a0<\/p>\n\t\t\t\t\t\t\t\t<\/div>\n\t\t\t\t<\/div>\n\t\t\t\t\t<\/div>\n\t\t<\/div>\n\t\t\t\t\t<\/div>\n\t\t<\/section>\n\t\t\t\t<section class=\"elementor-section elementor-top-section elementor-element elementor-element-221207a elementor-section-boxed elementor-section-height-default elementor-section-height-default\" data-id=\"221207a\" data-element_type=\"section\">\n\t\t\t\t\t\t<div class=\"elementor-container elementor-column-gap-default\">\n\t\t\t\t\t<div class=\"elementor-column elementor-col-100 elementor-top-column elementor-element elementor-element-881939a\" data-id=\"881939a\" data-element_type=\"column\">\n\t\t\t<div class=\"elementor-widget-wrap elementor-element-populated\">\n\t\t\t\t\t\t<div class=\"elementor-element elementor-element-90e0fe5 elementor-widget elementor-widget-image\" data-id=\"90e0fe5\" data-element_type=\"widget\" data-widget_type=\"image.default\">\n\t\t\t\t<div class=\"elementor-widget-container\">\n\t\t\t\t\t\t\t\t\t\t\t\t<figure class=\"wp-caption\">\n\t\t\t\t\t\t\t\t\t\t\t<a href=\"https:\/\/www.histoirederawdon.ca\/wp-content\/uploads\/2025\/02\/1955-12-22-Margret-Peggy-Arnold-Joseph-McCabe.-The-1st-wedding-in-the-new-church-ameliore.jpg\">\n\t\t\t\t\t\t\t<img fetchpriority=\"high\" decoding=\"async\" width=\"291\" height=\"300\" src=\"https:\/\/www.histoirederawdon.ca\/wp-content\/uploads\/2025\/02\/1955-12-22-Margret-Peggy-Arnold-Joseph-McCabe.-The-1st-wedding-in-the-new-church-ameliore-291x300.jpg\" class=\"attachment-medium size-medium wp-image-10698\" alt=\"\" srcset=\"https:\/\/www.histoirederawdon.ca\/wp-content\/uploads\/2025\/02\/1955-12-22-Margret-Peggy-Arnold-Joseph-McCabe.-The-1st-wedding-in-the-new-church-ameliore-291x300.jpg 291w, https:\/\/www.histoirederawdon.ca\/wp-content\/uploads\/2025\/02\/1955-12-22-Margret-Peggy-Arnold-Joseph-McCabe.-The-1st-wedding-in-the-new-church-ameliore-994x1024.jpg 994w, https:\/\/www.histoirederawdon.ca\/wp-content\/uploads\/2025\/02\/1955-12-22-Margret-Peggy-Arnold-Joseph-McCabe.-The-1st-wedding-in-the-new-church-ameliore-768x792.jpg 768w, https:\/\/www.histoirederawdon.ca\/wp-content\/uploads\/2025\/02\/1955-12-22-Margret-Peggy-Arnold-Joseph-McCabe.-The-1st-wedding-in-the-new-church-ameliore-12x12.jpg 12w, https:\/\/www.histoirederawdon.ca\/wp-content\/uploads\/2025\/02\/1955-12-22-Margret-Peggy-Arnold-Joseph-McCabe.-The-1st-wedding-in-the-new-church-ameliore.jpg 1437w\" sizes=\"(max-width: 291px) 100vw, 291px\" \/>\t\t\t\t\t\t\t\t<\/a>\n\t\t\t\t\t\t\t\t\t\t\t<figcaption class=\"widget-image-caption wp-caption-text\">Wedding of Margret (Peggy) and Arnold McCabe, the first celebrated in the new Catholic church (1955-12-22)<\/figcaption>\n\t\t\t\t\t\t\t\t\t\t<\/figure>\n\t\t\t\t\t\t\t\t\t<\/div>\n\t\t\t\t<\/div>\n\t\t\t\t\t<\/div>\n\t\t<\/div>\n\t\t\t\t\t<\/div>\n\t\t<\/section>\n\t\t\t\t<section class=\"elementor-section elementor-top-section elementor-element elementor-element-35c1045 elementor-section-boxed elementor-section-height-default elementor-section-height-default\" data-id=\"35c1045\" data-element_type=\"section\">\n\t\t\t\t\t\t<div class=\"elementor-container elementor-column-gap-default\">\n\t\t\t\t\t<div class=\"elementor-column elementor-col-100 elementor-top-column elementor-element elementor-element-5e96a2b\" data-id=\"5e96a2b\" data-element_type=\"column\">\n\t\t\t<div class=\"elementor-widget-wrap elementor-element-populated\">\n\t\t\t\t\t\t<div class=\"elementor-element elementor-element-718a7c4 elementor-widget elementor-widget-text-editor\" data-id=\"718a7c4\" data-element_type=\"widget\" data-widget_type=\"text-editor.default\">\n\t\t\t\t<div class=\"elementor-widget-container\">\n\t\t\t\t\t\t\t\t\t<p>Many descendants of the Irish founding families still live in Rawdon. At the time of the 2021 census, 1,185 persons (10.3% of the population) declared themselves to be of Irish origin. Given the many marriages between persons of different languages and religions in the 19<sup>e<\/sup>\u00a0century, there is surely more Irish blood running through the veins of Rawdon\u2019s inhabitants than official statistics reveal.<\/p>\t\t\t\t\t\t\t\t<\/div>\n\t\t\t\t<\/div>\n\t\t\t\t\t<\/div>\n\t\t<\/div>\n\t\t\t\t\t<\/div>\n\t\t<\/section>\n\t\t\t\t<section class=\"elementor-section elementor-top-section elementor-element elementor-element-47a2145 elementor-section-boxed elementor-section-height-default elementor-section-height-default\" data-id=\"47a2145\" data-element_type=\"section\">\n\t\t\t\t\t\t<div class=\"elementor-container elementor-column-gap-default\">\n\t\t\t\t\t<div class=\"elementor-column elementor-col-100 elementor-top-column elementor-element elementor-element-cd1b67f\" data-id=\"cd1b67f\" data-element_type=\"column\">\n\t\t\t<div class=\"elementor-widget-wrap elementor-element-populated\">\n\t\t\t\t\t\t<div class=\"elementor-element elementor-element-4b994b6 elementor-widget elementor-widget-toggle\" data-id=\"4b994b6\" data-element_type=\"widget\" data-widget_type=\"toggle.default\">\n\t\t\t\t<div class=\"elementor-widget-container\">\n\t\t\t\t\t\t\t<div class=\"elementor-toggle\">\n\t\t\t\t\t\t\t<div class=\"elementor-toggle-item\">\n\t\t\t\t\t<div id=\"elementor-tab-title-7921\" class=\"elementor-tab-title\" data-tab=\"1\" role=\"button\" aria-controls=\"elementor-tab-content-7921\" aria-expanded=\"false\">\n\t\t\t\t\t\t\t\t\t\t\t\t<span class=\"elementor-toggle-icon elementor-toggle-icon-left\" aria-hidden=\"true\">\n\t\t\t\t\t\t\t\t\t\t\t\t\t\t\t<span class=\"elementor-toggle-icon-closed\"><i class=\"fas fa-caret-right\"><\/i><\/span>\n\t\t\t\t\t\t\t\t<span class=\"elementor-toggle-icon-opened\"><i class=\"elementor-toggle-icon-opened fas fa-caret-up\"><\/i><\/span>\n\t\t\t\t\t\t\t\t\t\t\t\t\t<\/span>\n\t\t\t\t\t\t\t\t\t\t\t\t<a class=\"elementor-toggle-title\" tabindex=\"0\">To find out more<\/a>\n\t\t\t\t\t<\/div>\n\n\t\t\t\t\t<div id=\"elementor-tab-content-7921\" class=\"elementor-tab-content elementor-clearfix\" data-tab=\"1\" role=\"region\" aria-labelledby=\"elementor-tab-title-7921\"><p>In the heart of the community, many of these families of Irish descent still bear the names of their ancestors. Among them are Asbil, Blagrave, Brown, Burgess, Burns, Carroll, Cassidy, Gray, Greene, Herbert, Jackson, Lane, Marlin, Morgan, Murphy, Rourke, Rowan, Shields, Smith, Tinkler, Wallace and Walsh.<\/p>\n<p>Others, through marriage, will have taken the names of their spouses. Descendants of Bagnall, Daly, O'Neil and Woods live in Rawdon. Deep Irish roots are present in the Beaus\u00e9jour, Desrosiers, Lalibert\u00e9 and Parkinson families. The Blouin, Breault, Girard, Nadeau, Pr\u00e9ville and Simard families are also likely to have close ties with Irish descendants.<\/p><\/div>\n\t\t\t\t<\/div>\n\t\t\t\t\t\t\t\t<\/div>\n\t\t\t\t\t\t<\/div>\n\t\t\t\t<\/div>\n\t\t\t\t\t<\/div>\n\t\t<\/div>\n\t\t\t\t\t<\/div>\n\t\t<\/section>\n\t\t\t\t<section class=\"elementor-section elementor-top-section elementor-element elementor-element-1fc6497 elementor-section-boxed elementor-section-height-default elementor-section-height-default\" data-id=\"1fc6497\" data-element_type=\"section\">\n\t\t\t\t\t\t<div class=\"elementor-container elementor-column-gap-default\">\n\t\t\t\t\t<div class=\"elementor-column elementor-col-100 elementor-top-column elementor-element elementor-element-5790d6a\" data-id=\"5790d6a\" data-element_type=\"column\">\n\t\t\t<div class=\"elementor-widget-wrap elementor-element-populated\">\n\t\t\t\t\t\t<div class=\"elementor-element elementor-element-ee232e7 elementor-widget elementor-widget-image\" data-id=\"ee232e7\" data-element_type=\"widget\" data-widget_type=\"image.default\">\n\t\t\t\t<div class=\"elementor-widget-container\">\n\t\t\t\t\t\t\t\t\t\t\t\t<figure class=\"wp-caption\">\n\t\t\t\t\t\t\t\t\t\t\t<a href=\"https:\/\/www.histoirederawdon.ca\/wp-content\/uploads\/2025\/02\/MMde-Moore-Proprietaire-du-village-Canadiana-reduit-scaled.jpg\">\n\t\t\t\t\t\t\t<img decoding=\"async\" width=\"216\" height=\"300\" src=\"https:\/\/www.histoirederawdon.ca\/wp-content\/uploads\/2025\/02\/MMde-Moore-Proprietaire-du-village-Canadiana-reduit-216x300.jpg\" class=\"attachment-medium size-medium wp-image-10702\" alt=\"\" srcset=\"https:\/\/www.histoirederawdon.ca\/wp-content\/uploads\/2025\/02\/MMde-Moore-Proprietaire-du-village-Canadiana-reduit-216x300.jpg 216w, https:\/\/www.histoirederawdon.ca\/wp-content\/uploads\/2025\/02\/MMde-Moore-Proprietaire-du-village-Canadiana-reduit-736x1024.jpg 736w, https:\/\/www.histoirederawdon.ca\/wp-content\/uploads\/2025\/02\/MMde-Moore-Proprietaire-du-village-Canadiana-reduit-768x1068.jpg 768w, https:\/\/www.histoirederawdon.ca\/wp-content\/uploads\/2025\/02\/MMde-Moore-Proprietaire-du-village-Canadiana-reduit-1105x1536.jpg 1105w, https:\/\/www.histoirederawdon.ca\/wp-content\/uploads\/2025\/02\/MMde-Moore-Proprietaire-du-village-Canadiana-reduit-1473x2048.jpg 1473w, https:\/\/www.histoirederawdon.ca\/wp-content\/uploads\/2025\/02\/MMde-Moore-Proprietaire-du-village-Canadiana-reduit-9x12.jpg 9w, https:\/\/www.histoirederawdon.ca\/wp-content\/uploads\/2025\/02\/MMde-Moore-Proprietaire-du-village-Canadiana-reduit-scaled.jpg 1841w\" sizes=\"(max-width: 216px) 100vw, 216px\" \/>\t\t\t\t\t\t\t\t<\/a>\n\t\t\t\t\t\t\t\t\t\t\t<figcaption class=\"widget-image-caption wp-caption-text\">Nora and Earle Moore, founders of Canadiana Village<\/figcaption>\n\t\t\t\t\t\t\t\t\t\t<\/figure>\n\t\t\t\t\t\t\t\t\t<\/div>\n\t\t\t\t<\/div>\n\t\t\t\t\t<\/div>\n\t\t<\/div>\n\t\t\t\t\t<\/div>\n\t\t<\/section>\n\t\t\t\t<section class=\"elementor-section elementor-top-section elementor-element elementor-element-944a524 elementor-section-boxed elementor-section-height-default elementor-section-height-default\" data-id=\"944a524\" data-element_type=\"section\">\n\t\t\t\t\t\t<div class=\"elementor-container elementor-column-gap-default\">\n\t\t\t\t\t<div class=\"elementor-column elementor-col-100 elementor-top-column elementor-element elementor-element-221fc7e\" data-id=\"221fc7e\" data-element_type=\"column\">\n\t\t\t<div class=\"elementor-widget-wrap elementor-element-populated\">\n\t\t\t\t\t\t<div class=\"elementor-element elementor-element-b8f6460 elementor-widget elementor-widget-heading\" data-id=\"b8f6460\" data-element_type=\"widget\" data-widget_type=\"heading.default\">\n\t\t\t\t<div class=\"elementor-widget-container\">\n\t\t\t\t\t<h2 class=\"elementor-heading-title elementor-size-default\">Heritage conservation <\/h2>\t\t\t\t<\/div>\n\t\t\t\t<\/div>\n\t\t\t\t\t<\/div>\n\t\t<\/div>\n\t\t\t\t\t<\/div>\n\t\t<\/section>\n\t\t\t\t<section class=\"elementor-section elementor-top-section elementor-element elementor-element-2bf91a3 elementor-section-boxed elementor-section-height-default elementor-section-height-default\" data-id=\"2bf91a3\" data-element_type=\"section\">\n\t\t\t\t\t\t<div class=\"elementor-container elementor-column-gap-default\">\n\t\t\t\t\t<div class=\"elementor-column elementor-col-100 elementor-top-column elementor-element elementor-element-1806d71\" data-id=\"1806d71\" data-element_type=\"column\">\n\t\t\t<div class=\"elementor-widget-wrap elementor-element-populated\">\n\t\t\t\t\t\t<div class=\"elementor-element elementor-element-ac9ac46 elementor-widget elementor-widget-text-editor\" data-id=\"ac9ac46\" data-element_type=\"widget\" data-widget_type=\"text-editor.default\">\n\t\t\t\t<div class=\"elementor-widget-container\">\n\t\t\t\t\t\t\t\t\t<p>In present days, <strong>the past<\/strong> lives of the Irish founding families still vibrate <strong>at the heart<\/strong> of the community. Designed to replicate a village of yesteryear, Canadiana Village comprises some 50 buildings, including houses (farmers, notary, veterinarian, doctor), a sawmill and grist mill, a blacksmith shop, a school, a church, a presbytery, a general store and a covered bridge. With period furnishings and accessories, this village recalls the living conditions of the Irish immigrants who settled in Rawdon in the 19<sup>e<\/sup> century pioneer families.<\/p>\t\t\t\t\t\t\t\t<\/div>\n\t\t\t\t<\/div>\n\t\t\t\t\t<\/div>\n\t\t<\/div>\n\t\t\t\t\t<\/div>\n\t\t<\/section>\n\t\t\t\t<section class=\"elementor-section elementor-top-section elementor-element elementor-element-d59a3ff elementor-section-boxed elementor-section-height-default elementor-section-height-default\" data-id=\"d59a3ff\" data-element_type=\"section\">\n\t\t\t\t\t\t<div class=\"elementor-container elementor-column-gap-default\">\n\t\t\t\t\t<div class=\"elementor-column elementor-col-100 elementor-top-column elementor-element elementor-element-d44e5d5\" data-id=\"d44e5d5\" data-element_type=\"column\">\n\t\t\t<div class=\"elementor-widget-wrap elementor-element-populated\">\n\t\t\t\t\t\t<div class=\"elementor-element elementor-element-5bd9dea elementor-widget elementor-widget-image\" data-id=\"5bd9dea\" data-element_type=\"widget\" data-widget_type=\"image.default\">\n\t\t\t\t<div class=\"elementor-widget-container\">\n\t\t\t\t\t\t\t\t\t\t\t\t<figure class=\"wp-caption\">\n\t\t\t\t\t\t\t\t\t\t\t<a href=\"https:\/\/www.histoirederawdon.ca\/wp-content\/uploads\/2024\/02\/Village-Canadiana-wagon-1536x1003-1.jpg\">\n\t\t\t\t\t\t\t<img decoding=\"async\" width=\"300\" height=\"196\" src=\"https:\/\/www.histoirederawdon.ca\/wp-content\/uploads\/2024\/02\/Village-Canadiana-wagon-1536x1003-1-300x196.jpg\" class=\"attachment-medium size-medium wp-image-5443\" alt=\"\" srcset=\"https:\/\/www.histoirederawdon.ca\/wp-content\/uploads\/2024\/02\/Village-Canadiana-wagon-1536x1003-1-300x196.jpg 300w, https:\/\/www.histoirederawdon.ca\/wp-content\/uploads\/2024\/02\/Village-Canadiana-wagon-1536x1003-1-1024x669.jpg 1024w, https:\/\/www.histoirederawdon.ca\/wp-content\/uploads\/2024\/02\/Village-Canadiana-wagon-1536x1003-1-768x502.jpg 768w, https:\/\/www.histoirederawdon.ca\/wp-content\/uploads\/2024\/02\/Village-Canadiana-wagon-1536x1003-1-18x12.jpg 18w, https:\/\/www.histoirederawdon.ca\/wp-content\/uploads\/2024\/02\/Village-Canadiana-wagon-1536x1003-1.jpg 1536w\" sizes=\"(max-width: 300px) 100vw, 300px\" \/>\t\t\t\t\t\t\t\t<\/a>\n\t\t\t\t\t\t\t\t\t\t\t<figcaption class=\"widget-image-caption wp-caption-text\">At the entrance of Canadiana Village, Rawdon<\/figcaption>\n\t\t\t\t\t\t\t\t\t\t<\/figure>\n\t\t\t\t\t\t\t\t\t<\/div>\n\t\t\t\t<\/div>\n\t\t\t\t\t<\/div>\n\t\t<\/div>\n\t\t\t\t\t<\/div>\n\t\t<\/section>\n\t\t\t\t<section class=\"elementor-section elementor-top-section elementor-element elementor-element-f35a708 elementor-section-boxed elementor-section-height-default elementor-section-height-default\" data-id=\"f35a708\" data-element_type=\"section\">\n\t\t\t\t\t\t<div class=\"elementor-container elementor-column-gap-default\">\n\t\t\t\t\t<div class=\"elementor-column elementor-col-100 elementor-top-column elementor-element elementor-element-b109c20\" data-id=\"b109c20\" data-element_type=\"column\">\n\t\t\t<div class=\"elementor-widget-wrap elementor-element-populated\">\n\t\t\t\t\t\t<div class=\"elementor-element elementor-element-40f5d0d elementor-widget elementor-widget-heading\" data-id=\"40f5d0d\" data-element_type=\"widget\" data-widget_type=\"heading.default\">\n\t\t\t\t<div class=\"elementor-widget-container\">\n\t\t\t\t\t<h2 class=\"elementor-heading-title elementor-size-default\">The legacy of the Irish<\/h2>\t\t\t\t<\/div>\n\t\t\t\t<\/div>\n\t\t\t\t\t<\/div>\n\t\t<\/div>\n\t\t\t\t\t<\/div>\n\t\t<\/section>\n\t\t\t\t<section class=\"elementor-section elementor-top-section elementor-element elementor-element-f23e4f0 elementor-section-boxed elementor-section-height-default elementor-section-height-default\" data-id=\"f23e4f0\" data-element_type=\"section\">\n\t\t\t\t\t\t<div class=\"elementor-container elementor-column-gap-default\">\n\t\t\t\t\t<div class=\"elementor-column elementor-col-50 elementor-top-column elementor-element elementor-element-a0564ee\" data-id=\"a0564ee\" data-element_type=\"column\">\n\t\t\t<div class=\"elementor-widget-wrap elementor-element-populated\">\n\t\t\t\t\t\t<div class=\"elementor-element elementor-element-2d8efaf elementor-widget elementor-widget-text-editor\" data-id=\"2d8efaf\" data-element_type=\"widget\" data-widget_type=\"text-editor.default\">\n\t\t\t\t<div class=\"elementor-widget-container\">\n\t\t\t\t\t\t\t\t\t<p>Rawdon families descending from Irish founders have given to the community passionate authors, innovative entrepreneurs, exceptionally talented musicians, top athletes and, above all, hard workers. Names like Luc Beaus\u00e9jour and Beverly Blagrave are worthy of mention.<\/p>\t\t\t\t\t\t\t\t<\/div>\n\t\t\t\t<\/div>\n\t\t\t\t\t<\/div>\n\t\t<\/div>\n\t\t\t\t<div class=\"elementor-column elementor-col-50 elementor-top-column elementor-element elementor-element-b1209e0\" data-id=\"b1209e0\" data-element_type=\"column\">\n\t\t\t<div class=\"elementor-widget-wrap elementor-element-populated\">\n\t\t\t\t\t\t<div class=\"elementor-element elementor-element-39b8d58 elementor-widget elementor-widget-image\" data-id=\"39b8d58\" data-element_type=\"widget\" data-widget_type=\"image.default\">\n\t\t\t\t<div class=\"elementor-widget-container\">\n\t\t\t\t\t\t\t\t\t\t\t\t<figure class=\"wp-caption\">\n\t\t\t\t\t\t\t\t\t\t\t<a href=\"https:\/\/www.histoirederawdon.ca\/wp-content\/uploads\/2025\/02\/photo-Luc-Beausejour-concert-Christ-Church-1987-1.jpeg\">\n\t\t\t\t\t\t\t<img loading=\"lazy\" decoding=\"async\" width=\"225\" height=\"300\" src=\"https:\/\/www.histoirederawdon.ca\/wp-content\/uploads\/2025\/02\/photo-Luc-Beausejour-concert-Christ-Church-1987-1-225x300.jpeg\" class=\"attachment-medium size-medium wp-image-9636\" alt=\"\" srcset=\"https:\/\/www.histoirederawdon.ca\/wp-content\/uploads\/2025\/02\/photo-Luc-Beausejour-concert-Christ-Church-1987-1-225x300.jpeg 225w, https:\/\/www.histoirederawdon.ca\/wp-content\/uploads\/2025\/02\/photo-Luc-Beausejour-concert-Christ-Church-1987-1-9x12.jpeg 9w, https:\/\/www.histoirederawdon.ca\/wp-content\/uploads\/2025\/02\/photo-Luc-Beausejour-concert-Christ-Church-1987-1.jpeg 655w\" sizes=\"(max-width: 225px) 100vw, 225px\" \/>\t\t\t\t\t\t\t\t<\/a>\n\t\t\t\t\t\t\t\t\t\t\t<figcaption class=\"widget-image-caption wp-caption-text\">Luc Beaus\u00e9jour, concert at the Anglican Church<\/figcaption>\n\t\t\t\t\t\t\t\t\t\t<\/figure>\n\t\t\t\t\t\t\t\t\t<\/div>\n\t\t\t\t<\/div>\n\t\t\t\t\t<\/div>\n\t\t<\/div>\n\t\t\t\t\t<\/div>\n\t\t<\/section>\n\t\t\t\t<section class=\"elementor-section elementor-top-section elementor-element elementor-element-f800c39 elementor-section-boxed elementor-section-height-default elementor-section-height-default\" data-id=\"f800c39\" data-element_type=\"section\">\n\t\t\t\t\t\t<div class=\"elementor-container elementor-column-gap-default\">\n\t\t\t\t\t<div class=\"elementor-column elementor-col-50 elementor-top-column elementor-element elementor-element-1285301\" data-id=\"1285301\" data-element_type=\"column\">\n\t\t\t<div class=\"elementor-widget-wrap elementor-element-populated\">\n\t\t\t\t\t\t<div class=\"elementor-element elementor-element-aba7525 elementor-widget elementor-widget-image\" data-id=\"aba7525\" data-element_type=\"widget\" data-widget_type=\"image.default\">\n\t\t\t\t<div class=\"elementor-widget-container\">\n\t\t\t\t\t\t\t\t\t\t\t\t<figure class=\"wp-caption\">\n\t\t\t\t\t\t\t\t\t\t\t<a href=\"https:\/\/www.histoirederawdon.ca\/wp-content\/uploads\/2025\/02\/Beverly-imprime-ecran.jpg\">\n\t\t\t\t\t\t\t<img loading=\"lazy\" decoding=\"async\" width=\"259\" height=\"300\" src=\"https:\/\/www.histoirederawdon.ca\/wp-content\/uploads\/2025\/02\/Beverly-imprime-ecran-259x300.jpg\" class=\"attachment-medium size-medium wp-image-10722\" alt=\"\" srcset=\"https:\/\/www.histoirederawdon.ca\/wp-content\/uploads\/2025\/02\/Beverly-imprime-ecran-259x300.jpg 259w, https:\/\/www.histoirederawdon.ca\/wp-content\/uploads\/2025\/02\/Beverly-imprime-ecran-10x12.jpg 10w, https:\/\/www.histoirederawdon.ca\/wp-content\/uploads\/2025\/02\/Beverly-imprime-ecran.jpg 534w\" sizes=\"(max-width: 259px) 100vw, 259px\" \/>\t\t\t\t\t\t\t\t<\/a>\n\t\t\t\t\t\t\t\t\t\t\t<figcaption class=\"widget-image-caption wp-caption-text\">Photograph of Beverly Blagrave Prud\u2019Homme in the book entitled Imprints: Discovering the Historic Face of English Quebec, 2001<\/figcaption>\n\t\t\t\t\t\t\t\t\t\t<\/figure>\n\t\t\t\t\t\t\t\t\t<\/div>\n\t\t\t\t<\/div>\n\t\t\t\t\t<\/div>\n\t\t<\/div>\n\t\t\t\t<div class=\"elementor-column elementor-col-50 elementor-top-column elementor-element elementor-element-12859ad\" data-id=\"12859ad\" data-element_type=\"column\">\n\t\t\t<div class=\"elementor-widget-wrap\">\n\t\t\t\t\t\t\t<\/div>\n\t\t<\/div>\n\t\t\t\t\t<\/div>\n\t\t<\/section>\n\t\t\t\t<section class=\"elementor-section elementor-top-section elementor-element elementor-element-97a38e3 elementor-section-boxed elementor-section-height-default elementor-section-height-default\" data-id=\"97a38e3\" data-element_type=\"section\">\n\t\t\t\t\t\t<div class=\"elementor-container elementor-column-gap-default\">\n\t\t\t\t\t<div class=\"elementor-column elementor-col-100 elementor-top-column elementor-element elementor-element-32c0e20\" data-id=\"32c0e20\" data-element_type=\"column\">\n\t\t\t<div class=\"elementor-widget-wrap elementor-element-populated\">\n\t\t\t\t\t\t<div class=\"elementor-element elementor-element-736616f elementor-widget elementor-widget-text-editor\" data-id=\"736616f\" data-element_type=\"widget\" data-widget_type=\"text-editor.default\">\n\t\t\t\t<div class=\"elementor-widget-container\">\n\t\t\t\t\t\t\t\t\t<p>The toponymy, the St. Patrick's Day parade and the Christmas trees lighting, with a majestic Irish fir sticking out from the lot, highlight their contributions and bring them back to our collective memory.<\/p>\n<p>Over the generations, the eleven ranges of Rawdon Township have seen Catholics and Protestants, Anglophones and Francophones, Irish, English, Scots, French-Canadians and Indigenous people living side by side. A spirit of tolerance, cooperation and openness has developed.<\/p>\n<p>It is therefore not surprising to find in Rawdon churches of several different denominations, an ecumenical cemetery, a multi-ethnic interpretation centre and representatives from over forty cultural communities.<\/p>\t\t\t\t\t\t\t\t<\/div>\n\t\t\t\t<\/div>\n\t\t\t\t\t<\/div>\n\t\t<\/div>\n\t\t\t\t\t<\/div>\n\t\t<\/section>\n\t\t\t\t<section class=\"elementor-section elementor-top-section elementor-element elementor-element-f161f38 elementor-section-boxed elementor-section-height-default elementor-section-height-default\" data-id=\"f161f38\" data-element_type=\"section\">\n\t\t\t\t\t\t<div class=\"elementor-container elementor-column-gap-default\">\n\t\t\t\t\t<div class=\"elementor-column elementor-col-100 elementor-top-column elementor-element elementor-element-c4ef448\" data-id=\"c4ef448\" data-element_type=\"column\">\n\t\t\t<div class=\"elementor-widget-wrap elementor-element-populated\">\n\t\t\t\t\t\t<div class=\"elementor-element elementor-element-e8c3cdd elementor-widget elementor-widget-image\" data-id=\"e8c3cdd\" data-element_type=\"widget\" data-widget_type=\"image.default\">\n\t\t\t\t<div class=\"elementor-widget-container\">\n\t\t\t\t\t\t\t\t\t\t\t\t\t\t\t<img loading=\"lazy\" decoding=\"async\" width=\"867\" height=\"133\" src=\"https:\/\/www.histoirederawdon.ca\/wp-content\/uploads\/2025\/02\/heart.jpg\" class=\"attachment-1536x1536 size-1536x1536 wp-image-10695\" alt=\"\" srcset=\"https:\/\/www.histoirederawdon.ca\/wp-content\/uploads\/2025\/02\/heart.jpg 830w, https:\/\/www.histoirederawdon.ca\/wp-content\/uploads\/2025\/02\/heart-300x57.jpg 300w, https:\/\/www.histoirederawdon.ca\/wp-content\/uploads\/2025\/02\/heart-768x147.jpg 768w, https:\/\/www.histoirederawdon.ca\/wp-content\/uploads\/2025\/02\/heart-18x3.jpg 18w\" sizes=\"(max-width: 867px) 100vw, 867px\" \/>\t\t\t\t\t\t\t\t\t\t\t\t\t\t\t<\/div>\n\t\t\t\t<\/div>\n\t\t\t\t\t<\/div>\n\t\t<\/div>\n\t\t\t\t\t<\/div>\n\t\t<\/section>\n\t\t\t\t<section class=\"elementor-section elementor-top-section elementor-element elementor-element-be2840c elementor-section-boxed elementor-section-height-default elementor-section-height-default\" data-id=\"be2840c\" data-element_type=\"section\">\n\t\t\t\t\t\t<div class=\"elementor-container elementor-column-gap-default\">\n\t\t\t\t\t<div class=\"elementor-column elementor-col-50 elementor-top-column elementor-element elementor-element-e75bcc5\" data-id=\"e75bcc5\" data-element_type=\"column\">\n\t\t\t<div class=\"elementor-widget-wrap elementor-element-populated\">\n\t\t\t\t\t\t<div class=\"elementor-element elementor-element-caa8bf1 elementor-widget elementor-widget-button\" data-id=\"caa8bf1\" data-element_type=\"widget\" data-widget_type=\"button.default\">\n\t\t\t\t<div class=\"elementor-widget-container\">\n\t\t\t\t\t\t\t\t\t<div class=\"elementor-button-wrapper\">\n\t\t\t\t\t<a class=\"elementor-button elementor-button-link elementor-size-sm\" href=\"https:\/\/www.histoirederawdon.ca\/en\/la-parade-de-la-saint-patrick\/\">\n\t\t\t\t\t\t<span class=\"elementor-button-content-wrapper\">\n\t\t\t\t\t\t\t\t\t<span class=\"elementor-button-text\">Previous page<\/span>\n\t\t\t\t\t<\/span>\n\t\t\t\t\t<\/a>\n\t\t\t\t<\/div>\n\t\t\t\t\t\t\t\t<\/div>\n\t\t\t\t<\/div>\n\t\t\t\t\t<\/div>\n\t\t<\/div>\n\t\t\t\t<div class=\"elementor-column elementor-col-50 elementor-top-column elementor-element elementor-element-15202dd\" data-id=\"15202dd\" data-element_type=\"column\">\n\t\t\t<div class=\"elementor-widget-wrap elementor-element-populated\">\n\t\t\t\t\t\t<div class=\"elementor-element elementor-element-c243441 elementor-align-right elementor-widget elementor-widget-button\" data-id=\"c243441\" data-element_type=\"widget\" data-widget_type=\"button.default\">\n\t\t\t\t<div class=\"elementor-widget-container\">\n\t\t\t\t\t\t\t\t\t<div class=\"elementor-button-wrapper\">\n\t\t\t\t\t<a class=\"elementor-button elementor-button-link elementor-size-sm\" href=\"https:\/\/www.histoirederawdon.ca\/en\/exposition-la-presence-irlandaise-a-rawdon-dhier-a-aujourdhui\/\">\n\t\t\t\t\t\t<span class=\"elementor-button-content-wrapper\">\n\t\t\t\t\t\t\t\t\t<span class=\"elementor-button-text\">Retour au d\u00e9but de l'exposition<\/span>\n\t\t\t\t\t<\/span>\n\t\t\t\t\t<\/a>\n\t\t\t\t<\/div>\n\t\t\t\t\t\t\t\t<\/div>\n\t\t\t\t<\/div>\n\t\t\t\t\t<\/div>\n\t\t<\/div>\n\t\t\t\t\t<\/div>\n\t\t<\/section>\n\t\t\t\t<\/div>","protected":false},"excerpt":{"rendered":"<p>Th\u00e8me n\u00b0 12 \u00a0de l\u2019exposition \u00ab La pr\u00e9sence irlandaise \u00e0 Rawdon d\u2019hier \u00e0 aujourd\u2019hui \u00bb, tenue au Centre d\u2019interpr\u00e9tation multiethnique de Rawdon, les samedis et dimanches de 14 h \u00e0 16 h du 2 au 30 mars 2025 (\u00e0 l\u2019exception du 22).\u00a0 Mariage de Margret (Peggy) et Arnold McCabe, le premier \u00e0 \u00eatre c\u00e9l\u00e9br\u00e9 \u00e0 [&hellip;]<\/p>","protected":false},"author":2,"featured_media":0,"comment_status":"closed","ping_status":"closed","sticky":false,"template":"","format":"standard","meta":{"ocean_post_layout":"","ocean_both_sidebars_style":"","ocean_both_sidebars_content_width":0,"ocean_both_sidebars_sidebars_width":0,"ocean_sidebar":"","ocean_second_sidebar":"","ocean_disable_margins":"enable","ocean_add_body_class":"","ocean_shortcode_before_top_bar":"","ocean_shortcode_after_top_bar":"","ocean_shortcode_before_header":"","ocean_shortcode_after_header":"","ocean_has_shortcode":"","ocean_shortcode_after_title":"","ocean_shortcode_before_footer_widgets":"","ocean_shortcode_after_footer_widgets":"","ocean_shortcode_before_footer_bottom":"","ocean_shortcode_after_footer_bottom":"","ocean_display_top_bar":"default","ocean_display_header":"default","ocean_header_style":"","ocean_center_header_left_menu":"","ocean_custom_header_template":"","ocean_custom_logo":0,"ocean_custom_retina_logo":0,"ocean_custom_logo_max_width":0,"ocean_custom_logo_tablet_max_width":0,"ocean_custom_logo_mobile_max_width":0,"ocean_custom_logo_max_height":0,"ocean_custom_logo_tablet_max_height":0,"ocean_custom_logo_mobile_max_height":0,"ocean_header_custom_menu":"","ocean_menu_typo_font_family":"","ocean_menu_typo_font_subset":"","ocean_menu_typo_font_size":0,"ocean_menu_typo_font_size_tablet":0,"ocean_menu_typo_font_size_mobile":0,"ocean_menu_typo_font_size_unit":"px","ocean_menu_typo_font_weight":"","ocean_menu_typo_font_weight_tablet":"","ocean_menu_typo_font_weight_mobile":"","ocean_menu_typo_transform":"","ocean_menu_typo_transform_tablet":"","ocean_menu_typo_transform_mobile":"","ocean_menu_typo_line_height":0,"ocean_menu_typo_line_height_tablet":0,"ocean_menu_typo_line_height_mobile":0,"ocean_menu_typo_line_height_unit":"","ocean_menu_typo_spacing":0,"ocean_menu_typo_spacing_tablet":0,"ocean_menu_typo_spacing_mobile":0,"ocean_menu_typo_spacing_unit":"","ocean_menu_link_color":"","ocean_menu_link_color_hover":"","ocean_menu_link_color_active":"","ocean_menu_link_background":"","ocean_menu_link_hover_background":"","ocean_menu_link_active_background":"","ocean_menu_social_links_bg":"","ocean_menu_social_hover_links_bg":"","ocean_menu_social_links_color":"","ocean_menu_social_hover_links_color":"","ocean_disable_title":"default","ocean_disable_heading":"default","ocean_post_title":"","ocean_post_subheading":"","ocean_post_title_style":"","ocean_post_title_background_color":"","ocean_post_title_background":0,"ocean_post_title_bg_image_position":"","ocean_post_title_bg_image_attachment":"","ocean_post_title_bg_image_repeat":"","ocean_post_title_bg_image_size":"","ocean_post_title_height":0,"ocean_post_title_bg_overlay":0.5,"ocean_post_title_bg_overlay_color":"","ocean_disable_breadcrumbs":"default","ocean_breadcrumbs_color":"","ocean_breadcrumbs_separator_color":"","ocean_breadcrumbs_links_color":"","ocean_breadcrumbs_links_hover_color":"","ocean_display_footer_widgets":"default","ocean_display_footer_bottom":"default","ocean_custom_footer_template":"","_jetpack_memberships_contains_paid_content":false,"ocean_post_oembed":"","ocean_post_self_hosted_media":"","ocean_post_video_embed":"","ocean_link_format":"","ocean_link_format_target":"self","ocean_quote_format":"","ocean_quote_format_link":"post","ocean_gallery_link_images":"on","ocean_gallery_id":[],"footnotes":""},"categories":[37,28],"tags":[],"class_list":["post-9893","post","type-post","status-publish","format-standard","hentry","category-communautes-culturelles","category-les-irlandais","entry"],"yoast_head":"<!-- This site is optimized with the Yoast SEO plugin v26.3 - https:\/\/yoast.com\/wordpress\/plugins\/seo\/ -->\n<title>La pr\u00e9sence irlandaise \u00e0 Rawdon de nos jours\u00a0 - Histoire de Rawdon<\/title>\n<meta name=\"robots\" content=\"index, follow, max-snippet:-1, max-image-preview:large, max-video-preview:-1\" \/>\n<link rel=\"canonical\" href=\"https:\/\/www.histoirederawdon.ca\/en\/la-presence-irlandaise-a-rawdon-de-nos-jours\/\" \/>\n<meta property=\"og:locale\" content=\"en_US\" \/>\n<meta property=\"og:type\" content=\"article\" \/>\n<meta property=\"og:title\" content=\"La pr\u00e9sence irlandaise \u00e0 Rawdon de nos jours\u00a0 - Histoire de Rawdon\" \/>\n<meta property=\"og:description\" content=\"Th\u00e8me n\u00b0 12 \u00a0de l\u2019exposition \u00ab La pr\u00e9sence irlandaise \u00e0 Rawdon d\u2019hier \u00e0 aujourd\u2019hui \u00bb, tenue au Centre d\u2019interpr\u00e9tation multiethnique de Rawdon, les samedis et dimanches de 14 h \u00e0 16 h du 2 au 30 mars 2025 (\u00e0 l\u2019exception du 22).\u00a0 Mariage de Margret (Peggy) et Arnold McCabe, le premier \u00e0 \u00eatre c\u00e9l\u00e9br\u00e9 \u00e0 [&hellip;]\" \/>\n<meta property=\"og:url\" content=\"https:\/\/www.histoirederawdon.ca\/en\/la-presence-irlandaise-a-rawdon-de-nos-jours\/\" \/>\n<meta property=\"og:site_name\" content=\"Histoire de Rawdon\" \/>\n<meta property=\"article:published_time\" content=\"2025-02-26T15:35:08+00:00\" \/>\n<meta property=\"article:modified_time\" content=\"2025-03-01T04:03:20+00:00\" \/>\n<meta property=\"og:image\" content=\"https:\/\/www.histoirederawdon.ca\/wp-content\/uploads\/2025\/02\/1955-12-22-Margret-Peggy-Arnold-Joseph-McCabe.-The-1st-wedding-in-the-new-church-ameliore.jpg\" \/>\n\t<meta property=\"og:image:width\" content=\"1437\" \/>\n\t<meta property=\"og:image:height\" content=\"1481\" \/>\n\t<meta property=\"og:image:type\" content=\"image\/jpeg\" \/>\n<meta name=\"author\" content=\"France\" \/>\n<meta name=\"twitter:card\" content=\"summary_large_image\" \/>\n<meta name=\"twitter:label1\" content=\"Written by\" \/>\n\t<meta name=\"twitter:data1\" content=\"France\" \/>\n\t<meta name=\"twitter:label2\" content=\"Est. reading time\" \/>\n\t<meta name=\"twitter:data2\" content=\"4 minutes\" \/>\n<script type=\"application\/ld+json\" class=\"yoast-schema-graph\">{\"@context\":\"https:\/\/schema.org\",\"@graph\":[{\"@type\":\"Article\",\"@id\":\"https:\/\/www.histoirederawdon.ca\/la-presence-irlandaise-a-rawdon-de-nos-jours\/#article\",\"isPartOf\":{\"@id\":\"https:\/\/www.histoirederawdon.ca\/la-presence-irlandaise-a-rawdon-de-nos-jours\/\"},\"author\":{\"name\":\"France\",\"@id\":\"https:\/\/www.histoirederawdon.ca\/#\/schema\/person\/12282ff450eae820e4f7bc73553d7e86\"},\"headline\":\"La pr\u00e9sence irlandaise \u00e0 Rawdon de nos jours\u00a0\",\"datePublished\":\"2025-02-26T15:35:08+00:00\",\"dateModified\":\"2025-03-01T04:03:20+00:00\",\"mainEntityOfPage\":{\"@id\":\"https:\/\/www.histoirederawdon.ca\/la-presence-irlandaise-a-rawdon-de-nos-jours\/\"},\"wordCount\":596,\"publisher\":{\"@id\":\"https:\/\/www.histoirederawdon.ca\/#organization\"},\"image\":{\"@id\":\"https:\/\/www.histoirederawdon.ca\/la-presence-irlandaise-a-rawdon-de-nos-jours\/#primaryimage\"},\"thumbnailUrl\":\"https:\/\/www.histoirederawdon.ca\/wp-content\/uploads\/2025\/02\/1955-12-22-Margret-Peggy-Arnold-Joseph-McCabe.-The-1st-wedding-in-the-new-church-ameliore-291x300.jpg\",\"articleSection\":[\"Communaut\u00e9s culturelles\",\"Les Irlandais\"],\"inLanguage\":\"en-CA\"},{\"@type\":\"WebPage\",\"@id\":\"https:\/\/www.histoirederawdon.ca\/la-presence-irlandaise-a-rawdon-de-nos-jours\/\",\"url\":\"https:\/\/www.histoirederawdon.ca\/la-presence-irlandaise-a-rawdon-de-nos-jours\/\",\"name\":\"La pr\u00e9sence irlandaise \u00e0 Rawdon de nos jours\u00a0 - Histoire de Rawdon\",\"isPartOf\":{\"@id\":\"https:\/\/www.histoirederawdon.ca\/#website\"},\"primaryImageOfPage\":{\"@id\":\"https:\/\/www.histoirederawdon.ca\/la-presence-irlandaise-a-rawdon-de-nos-jours\/#primaryimage\"},\"image\":{\"@id\":\"https:\/\/www.histoirederawdon.ca\/la-presence-irlandaise-a-rawdon-de-nos-jours\/#primaryimage\"},\"thumbnailUrl\":\"https:\/\/www.histoirederawdon.ca\/wp-content\/uploads\/2025\/02\/1955-12-22-Margret-Peggy-Arnold-Joseph-McCabe.-The-1st-wedding-in-the-new-church-ameliore-291x300.jpg\",\"datePublished\":\"2025-02-26T15:35:08+00:00\",\"dateModified\":\"2025-03-01T04:03:20+00:00\",\"breadcrumb\":{\"@id\":\"https:\/\/www.histoirederawdon.ca\/la-presence-irlandaise-a-rawdon-de-nos-jours\/#breadcrumb\"},\"inLanguage\":\"en-CA\",\"potentialAction\":[{\"@type\":\"ReadAction\",\"target\":[\"https:\/\/www.histoirederawdon.ca\/la-presence-irlandaise-a-rawdon-de-nos-jours\/\"]}]},{\"@type\":\"ImageObject\",\"inLanguage\":\"en-CA\",\"@id\":\"https:\/\/www.histoirederawdon.ca\/la-presence-irlandaise-a-rawdon-de-nos-jours\/#primaryimage\",\"url\":\"https:\/\/www.histoirederawdon.ca\/wp-content\/uploads\/2025\/02\/1955-12-22-Margret-Peggy-Arnold-Joseph-McCabe.-The-1st-wedding-in-the-new-church-ameliore-291x300.jpg\",\"contentUrl\":\"https:\/\/www.histoirederawdon.ca\/wp-content\/uploads\/2025\/02\/1955-12-22-Margret-Peggy-Arnold-Joseph-McCabe.-The-1st-wedding-in-the-new-church-ameliore-291x300.jpg\"},{\"@type\":\"BreadcrumbList\",\"@id\":\"https:\/\/www.histoirederawdon.ca\/la-presence-irlandaise-a-rawdon-de-nos-jours\/#breadcrumb\",\"itemListElement\":[{\"@type\":\"ListItem\",\"position\":1,\"name\":\"Accueil\",\"item\":\"https:\/\/www.histoirederawdon.ca\/\"},{\"@type\":\"ListItem\",\"position\":2,\"name\":\"La pr\u00e9sence irlandaise \u00e0 Rawdon de nos jours\u00a0\"}]},{\"@type\":\"WebSite\",\"@id\":\"https:\/\/www.histoirederawdon.ca\/#website\",\"url\":\"https:\/\/www.histoirederawdon.ca\/\",\"name\":\"Histoire de Rawdon\",\"description\":\"Patrimoine et communaut\u00e9s\",\"publisher\":{\"@id\":\"https:\/\/www.histoirederawdon.ca\/#organization\"},\"potentialAction\":[{\"@type\":\"SearchAction\",\"target\":{\"@type\":\"EntryPoint\",\"urlTemplate\":\"https:\/\/www.histoirederawdon.ca\/?s={search_term_string}\"},\"query-input\":{\"@type\":\"PropertyValueSpecification\",\"valueRequired\":true,\"valueName\":\"search_term_string\"}}],\"inLanguage\":\"en-CA\"},{\"@type\":\"Organization\",\"@id\":\"https:\/\/www.histoirederawdon.ca\/#organization\",\"name\":\"Soci\u00e9t\u00e9 d'histoire de Rawdon\",\"url\":\"https:\/\/www.histoirederawdon.ca\/\",\"logo\":{\"@type\":\"ImageObject\",\"inLanguage\":\"en-CA\",\"@id\":\"https:\/\/www.histoirederawdon.ca\/#\/schema\/logo\/image\/\",\"url\":\"https:\/\/www.histoirederawdon.ca\/wp-content\/uploads\/2022\/12\/SHR-LOGO-1.png\",\"contentUrl\":\"https:\/\/www.histoirederawdon.ca\/wp-content\/uploads\/2022\/12\/SHR-LOGO-1.png\",\"width\":744,\"height\":452,\"caption\":\"Soci\u00e9t\u00e9 d'histoire de Rawdon\"},\"image\":{\"@id\":\"https:\/\/www.histoirederawdon.ca\/#\/schema\/logo\/image\/\"}},{\"@type\":\"Person\",\"@id\":\"https:\/\/www.histoirederawdon.ca\/#\/schema\/person\/12282ff450eae820e4f7bc73553d7e86\",\"name\":\"France\",\"image\":{\"@type\":\"ImageObject\",\"inLanguage\":\"en-CA\",\"@id\":\"https:\/\/www.histoirederawdon.ca\/#\/schema\/person\/image\/\",\"url\":\"https:\/\/secure.gravatar.com\/avatar\/8cec1edcc172c149f0b20cc9f63c45af5b45ce9e54f46da7d1143533fb2e5e10?s=96&d=mm&r=g\",\"contentUrl\":\"https:\/\/secure.gravatar.com\/avatar\/8cec1edcc172c149f0b20cc9f63c45af5b45ce9e54f46da7d1143533fb2e5e10?s=96&d=mm&r=g\",\"caption\":\"France\"},\"url\":\"https:\/\/www.histoirederawdon.ca\/en\/author\/fpontbriand\/\"}]}<\/script>\n<!-- \/ Yoast SEO plugin. -->","yoast_head_json":{"title":"La pr\u00e9sence irlandaise \u00e0 Rawdon de nos jours\u00a0 - Histoire de Rawdon","robots":{"index":"index","follow":"follow","max-snippet":"max-snippet:-1","max-image-preview":"max-image-preview:large","max-video-preview":"max-video-preview:-1"},"canonical":"https:\/\/www.histoirederawdon.ca\/en\/la-presence-irlandaise-a-rawdon-de-nos-jours\/","og_locale":"en_US","og_type":"article","og_title":"La pr\u00e9sence irlandaise \u00e0 Rawdon de nos jours\u00a0 - Histoire de Rawdon","og_description":"Th\u00e8me n\u00b0 12 \u00a0de l\u2019exposition \u00ab La pr\u00e9sence irlandaise \u00e0 Rawdon d\u2019hier \u00e0 aujourd\u2019hui \u00bb, tenue au Centre d\u2019interpr\u00e9tation multiethnique de Rawdon, les samedis et dimanches de 14 h \u00e0 16 h du 2 au 30 mars 2025 (\u00e0 l\u2019exception du 22).\u00a0 Mariage de Margret (Peggy) et Arnold McCabe, le premier \u00e0 \u00eatre c\u00e9l\u00e9br\u00e9 \u00e0 [&hellip;]","og_url":"https:\/\/www.histoirederawdon.ca\/en\/la-presence-irlandaise-a-rawdon-de-nos-jours\/","og_site_name":"Histoire de Rawdon","article_published_time":"2025-02-26T15:35:08+00:00","article_modified_time":"2025-03-01T04:03:20+00:00","og_image":[{"width":1437,"height":1481,"url":"https:\/\/www.histoirederawdon.ca\/wp-content\/uploads\/2025\/02\/1955-12-22-Margret-Peggy-Arnold-Joseph-McCabe.-The-1st-wedding-in-the-new-church-ameliore.jpg","type":"image\/jpeg"}],"author":"France","twitter_card":"summary_large_image","twitter_misc":{"Written by":"France","Est. reading time":"4 minutes"},"schema":{"@context":"https:\/\/schema.org","@graph":[{"@type":"Article","@id":"https:\/\/www.histoirederawdon.ca\/la-presence-irlandaise-a-rawdon-de-nos-jours\/#article","isPartOf":{"@id":"https:\/\/www.histoirederawdon.ca\/la-presence-irlandaise-a-rawdon-de-nos-jours\/"},"author":{"name":"France","@id":"https:\/\/www.histoirederawdon.ca\/#\/schema\/person\/12282ff450eae820e4f7bc73553d7e86"},"headline":"La pr\u00e9sence irlandaise \u00e0 Rawdon de nos jours\u00a0","datePublished":"2025-02-26T15:35:08+00:00","dateModified":"2025-03-01T04:03:20+00:00","mainEntityOfPage":{"@id":"https:\/\/www.histoirederawdon.ca\/la-presence-irlandaise-a-rawdon-de-nos-jours\/"},"wordCount":596,"publisher":{"@id":"https:\/\/www.histoirederawdon.ca\/#organization"},"image":{"@id":"https:\/\/www.histoirederawdon.ca\/la-presence-irlandaise-a-rawdon-de-nos-jours\/#primaryimage"},"thumbnailUrl":"https:\/\/www.histoirederawdon.ca\/wp-content\/uploads\/2025\/02\/1955-12-22-Margret-Peggy-Arnold-Joseph-McCabe.-The-1st-wedding-in-the-new-church-ameliore-291x300.jpg","articleSection":["Communaut\u00e9s culturelles","Les Irlandais"],"inLanguage":"en-CA"},{"@type":"WebPage","@id":"https:\/\/www.histoirederawdon.ca\/la-presence-irlandaise-a-rawdon-de-nos-jours\/","url":"https:\/\/www.histoirederawdon.ca\/la-presence-irlandaise-a-rawdon-de-nos-jours\/","name":"La pr\u00e9sence irlandaise \u00e0 Rawdon de nos jours\u00a0 - Histoire de Rawdon","isPartOf":{"@id":"https:\/\/www.histoirederawdon.ca\/#website"},"primaryImageOfPage":{"@id":"https:\/\/www.histoirederawdon.ca\/la-presence-irlandaise-a-rawdon-de-nos-jours\/#primaryimage"},"image":{"@id":"https:\/\/www.histoirederawdon.ca\/la-presence-irlandaise-a-rawdon-de-nos-jours\/#primaryimage"},"thumbnailUrl":"https:\/\/www.histoirederawdon.ca\/wp-content\/uploads\/2025\/02\/1955-12-22-Margret-Peggy-Arnold-Joseph-McCabe.-The-1st-wedding-in-the-new-church-ameliore-291x300.jpg","datePublished":"2025-02-26T15:35:08+00:00","dateModified":"2025-03-01T04:03:20+00:00","breadcrumb":{"@id":"https:\/\/www.histoirederawdon.ca\/la-presence-irlandaise-a-rawdon-de-nos-jours\/#breadcrumb"},"inLanguage":"en-CA","potentialAction":[{"@type":"ReadAction","target":["https:\/\/www.histoirederawdon.ca\/la-presence-irlandaise-a-rawdon-de-nos-jours\/"]}]},{"@type":"ImageObject","inLanguage":"en-CA","@id":"https:\/\/www.histoirederawdon.ca\/la-presence-irlandaise-a-rawdon-de-nos-jours\/#primaryimage","url":"https:\/\/www.histoirederawdon.ca\/wp-content\/uploads\/2025\/02\/1955-12-22-Margret-Peggy-Arnold-Joseph-McCabe.-The-1st-wedding-in-the-new-church-ameliore-291x300.jpg","contentUrl":"https:\/\/www.histoirederawdon.ca\/wp-content\/uploads\/2025\/02\/1955-12-22-Margret-Peggy-Arnold-Joseph-McCabe.-The-1st-wedding-in-the-new-church-ameliore-291x300.jpg"},{"@type":"BreadcrumbList","@id":"https:\/\/www.histoirederawdon.ca\/la-presence-irlandaise-a-rawdon-de-nos-jours\/#breadcrumb","itemListElement":[{"@type":"ListItem","position":1,"name":"Accueil","item":"https:\/\/www.histoirederawdon.ca\/"},{"@type":"ListItem","position":2,"name":"La pr\u00e9sence irlandaise \u00e0 Rawdon de nos jours\u00a0"}]},{"@type":"WebSite","@id":"https:\/\/www.histoirederawdon.ca\/#website","url":"https:\/\/www.histoirederawdon.ca\/","name":"Histoire de Rawdon","description":"Patrimoine et communaut\u00e9s","publisher":{"@id":"https:\/\/www.histoirederawdon.ca\/#organization"},"potentialAction":[{"@type":"SearchAction","target":{"@type":"EntryPoint","urlTemplate":"https:\/\/www.histoirederawdon.ca\/?s={search_term_string}"},"query-input":{"@type":"PropertyValueSpecification","valueRequired":true,"valueName":"search_term_string"}}],"inLanguage":"en-CA"},{"@type":"Organization","@id":"https:\/\/www.histoirederawdon.ca\/#organization","name":"Soci\u00e9t\u00e9 d'histoire de Rawdon","url":"https:\/\/www.histoirederawdon.ca\/","logo":{"@type":"ImageObject","inLanguage":"en-CA","@id":"https:\/\/www.histoirederawdon.ca\/#\/schema\/logo\/image\/","url":"https:\/\/www.histoirederawdon.ca\/wp-content\/uploads\/2022\/12\/SHR-LOGO-1.png","contentUrl":"https:\/\/www.histoirederawdon.ca\/wp-content\/uploads\/2022\/12\/SHR-LOGO-1.png","width":744,"height":452,"caption":"Soci\u00e9t\u00e9 d'histoire de Rawdon"},"image":{"@id":"https:\/\/www.histoirederawdon.ca\/#\/schema\/logo\/image\/"}},{"@type":"Person","@id":"https:\/\/www.histoirederawdon.ca\/#\/schema\/person\/12282ff450eae820e4f7bc73553d7e86","name":"France","image":{"@type":"ImageObject","inLanguage":"en-CA","@id":"https:\/\/www.histoirederawdon.ca\/#\/schema\/person\/image\/","url":"https:\/\/secure.gravatar.com\/avatar\/8cec1edcc172c149f0b20cc9f63c45af5b45ce9e54f46da7d1143533fb2e5e10?s=96&d=mm&r=g","contentUrl":"https:\/\/secure.gravatar.com\/avatar\/8cec1edcc172c149f0b20cc9f63c45af5b45ce9e54f46da7d1143533fb2e5e10?s=96&d=mm&r=g","caption":"France"},"url":"https:\/\/www.histoirederawdon.ca\/en\/author\/fpontbriand\/"}]}},"jetpack_featured_media_url":"","jetpack_sharing_enabled":true,"_links":{"self":[{"href":"https:\/\/www.histoirederawdon.ca\/en\/wp-json\/wp\/v2\/posts\/9893","targetHints":{"allow":["GET"]}}],"collection":[{"href":"https:\/\/www.histoirederawdon.ca\/en\/wp-json\/wp\/v2\/posts"}],"about":[{"href":"https:\/\/www.histoirederawdon.ca\/en\/wp-json\/wp\/v2\/types\/post"}],"author":[{"embeddable":true,"href":"https:\/\/www.histoirederawdon.ca\/en\/wp-json\/wp\/v2\/users\/2"}],"replies":[{"embeddable":true,"href":"https:\/\/www.histoirederawdon.ca\/en\/wp-json\/wp\/v2\/comments?post=9893"}],"version-history":[{"count":43,"href":"https:\/\/www.histoirederawdon.ca\/en\/wp-json\/wp\/v2\/posts\/9893\/revisions"}],"predecessor-version":[{"id":10892,"href":"https:\/\/www.histoirederawdon.ca\/en\/wp-json\/wp\/v2\/posts\/9893\/revisions\/10892"}],"wp:attachment":[{"href":"https:\/\/www.histoirederawdon.ca\/en\/wp-json\/wp\/v2\/media?parent=9893"}],"wp:term":[{"taxonomy":"category","embeddable":true,"href":"https:\/\/www.histoirederawdon.ca\/en\/wp-json\/wp\/v2\/categories?post=9893"},{"taxonomy":"post_tag","embeddable":true,"href":"https:\/\/www.histoirederawdon.ca\/en\/wp-json\/wp\/v2\/tags?post=9893"}],"curies":[{"name":"wp","href":"https:\/\/api.w.org\/{rel}","templated":true}]}}